{"id":25181,"date":"2015-05-05T13:11:48","date_gmt":"2015-05-05T18:11:48","guid":{"rendered":"http:\/\/www.ambiente.gob.ec\/?p=25181"},"modified":"2015-05-05T13:11:48","modified_gmt":"2015-05-05T18:11:48","slug":"mae-y-policia-nacional-realizan-controles-en-via-pifo-papallacta-2","status":"publish","type":"post","link":"https:\/\/www.ambienteyenergia.gob.ec\/ambiente\/mae-y-policia-nacional-realizan-controles-en-via-pifo-papallacta-2\/","title":{"rendered":"MAE y Polic\u00eda Nacional realizan controles en v\u00eda Pifo-Papallacta"},"content":{"rendered":"<p style=\"text-align: justify;\">El pasado s\u00e1bado, el Ministerio del Ambiente (MAE), en conjunto con la Polic\u00eda Nacional, realizaron una visita de evaluaci\u00f3n a la zona (que zona es) de la v\u00eda Pifo &#8211; Papallacta, con el objetivo de buscar alternativas para precautelar el tr\u00e1nsito de animales silvestres entre la Reserva Ecol\u00f3gica Antisana y el Parque Nacional Cayambe \u2013 Coca, zona de vital importancia para garantizar la dispersi\u00f3n de estos espec\u00edmenes. Entre las especies que utilizan este corredor es el oso de anteojos y el tapir andino, los cuales est\u00e1n categorizados como amenazados, y el lobo de p\u00e1ramo que se encuentra en estado vulnerable de conservaci\u00f3n.<\/p>\n<p style=\"text-align: justify;\">\n<p style=\"text-align: justify;\">Esta Cartera de Estado desarroll\u00f3 7 estrategias de conservaci\u00f3n que buscan proteger al C\u00f3ndor Andino, \u00c1guila Arp\u00eda, Oso Andino, Tortugas Marinas, Tapir, Cocodrilo de la Costa y Albatros de Gal\u00e1pagos con el objetivo de implementar mecanismos de trabajo que logren una efectiva preservaci\u00f3n de estas especies emblem\u00e1ticas, por medio de l\u00edneas estrat\u00e9gicas de acci\u00f3n y objetivos de trabajo.<\/p>\n<p style=\"text-align: justify;\">\n<p style=\"text-align: justify;\">Como parte de esta labor, actualmente la Subsecretar\u00eda de Patrimonio Natural realiza el levantamiento de informaci\u00f3n sobre la movilizaci\u00f3n de vida silvestre en los sectores de influencia y corredores biol\u00f3gicos a nivel nacional.<\/p>\n<p style=\"text-align: justify;\">\n<p style=\"text-align: justify;\">El oso de anteojos es una especie amenazada con extinguirse, y al momento se estima que existen alrededor de 5 000 ejemplares en todo el pa\u00eds. El MAE, a trav\u00e9s de sus unidades encargadas de la gesti\u00f3n de la vida silvestre, realizar\u00e1 controles y seguimiento constante, en conjunto con guardaparques y personal de la Unidad de Protecci\u00f3n del Medio Ambiente de la Polic\u00eda Nacional.<\/p>\n<p style=\"text-align: justify;\">\n<p style=\"text-align: justify;\">Por ello, es de vital importancia que la ciudadan\u00eda considere los siguientes puntos para que al momento de circular por el sector puedan tomar en cuenta las medidas del caso, evitar accidentes y apoyar a la conservaci\u00f3n de estas especies:<\/p>\n<p style=\"text-align: justify;\">\n<ul style=\"text-align: justify;\">\n<li>Tomar en cuenta las se\u00f1ales de tr\u00e1nsito y de velocidad establecidas en la v\u00eda, y de preferencia conducir a baja velocidad por este sector.<\/li>\n<li>Evitar arrojar basura por las ventanas de los veh\u00edculos, pues los animales la confunden con alimento, pueden ingerirlas.<\/li>\n<li>Si los animales est\u00e1n cruzando por la v\u00eda, es necesario detener la marcha del veh\u00edculo.<\/li>\n<li>Se debe tambi\u00e9n evitar bajarse del veh\u00edculo y acercarse a los animales. Se pueden tomar fotograf\u00edas y filmarlos desde los mismos veh\u00edculos.<\/li>\n<li>Este comportamiento responsable, permitir\u00e1 que los animales no vean a las personas como amenaza y seguir\u00e1n utilizando estas zonas de paso.<\/li>\n<\/ul>\n<p style=\"text-align: justify;\">\n<p style=\"text-align: justify;\">Es compromiso de todos los ciudadanos velar por la conservaci\u00f3n de la fauna silvestre en el pa\u00eds. Si se encuentran con alg\u00fan animal en la v\u00eda es mejor que se comuniquen con las l\u00edneas de emergencia para que las personas capacitadas puedan controlar el momento. 1800-AMBIENTE (26243683) o v\u00eda Redes Sociales (Tuiter: @Ambiente_Ec \u00f3 Facebook: AmbienteEC). \/ la-ds<\/p>\n<p style=\"text-align: justify;\">\n","protected":false},"excerpt":{"rendered":"<p class=\"excerpt\">El pasado s\u00e1bado, el Ministerio del Ambiente (MAE), en conjunto con la Polic\u00eda Nacional, realizaron una visita de evaluaci\u00f3n a la zona (que zona es) de la v\u00eda Pifo &#8211; Papallacta, con el objetivo de buscar alternativas para precautelar el tr\u00e1nsito de animales silvestres entre la Reserva Ecol\u00f3gica Antisana y el Parque Nacional Cayambe \u2013 Coca, zona de vital importancia&hellip; <a href=\"https:\/\/www.ambienteyenergia.gob.ec\/ambiente\/mae-y-policia-nacional-realizan-controles-en-via-pifo-papallacta-2\/\">Read more &rarr;<\/a><\/p>\n","protected":false},"author":13,"featured_media":25182,"comment_status":"open","ping_status":"open","sticky":false,"template":"","format":"standard","meta":{"footnotes":""},"categories":[16,4],"tags":[],"class_list":["post-25181","post","type-post","status-publish","format-standard","has-post-thumbnail","hentry","category-comunicamos","category-noticias","xfolkentry"],"_links":{"self":[{"href":"https:\/\/www.ambienteyenergia.gob.ec\/ambiente\/wp-json\/wp\/v2\/posts\/25181","targetHints":{"allow":["GET"]}}],"collection":[{"href":"https:\/\/www.ambienteyenergia.gob.ec\/ambiente\/wp-json\/wp\/v2\/posts"}],"about":[{"href":"https:\/\/www.ambienteyenergia.gob.ec\/ambiente\/wp-json\/wp\/v2\/types\/post"}],"author":[{"embeddable":true,"href":"https:\/\/www.ambienteyenergia.gob.ec\/ambiente\/wp-json\/wp\/v2\/users\/13"}],"replies":[{"embeddable":true,"href":"https:\/\/www.ambienteyenergia.gob.ec\/ambiente\/wp-json\/wp\/v2\/comments?post=25181"}],"version-history":[{"count":0,"href":"https:\/\/www.ambienteyenergia.gob.ec\/ambiente\/wp-json\/wp\/v2\/posts\/25181\/revisions"}],"wp:featuredmedia":[{"embeddable":true,"href":"https:\/\/www.ambienteyenergia.gob.ec\/ambiente\/wp-json\/wp\/v2\/media\/25182"}],"wp:attachment":[{"href":"https:\/\/www.ambienteyenergia.gob.ec\/ambiente\/wp-json\/wp\/v2\/media?parent=25181"}],"wp:term":[{"taxonomy":"category","embeddable":true,"href":"https:\/\/www.ambienteyenergia.gob.ec\/ambiente\/wp-json\/wp\/v2\/categories?post=25181"},{"taxonomy":"post_tag","embeddable":true,"href":"https:\/\/www.ambienteyenergia.gob.ec\/ambiente\/wp-json\/wp\/v2\/tags?post=25181"}],"curies":[{"name":"wp","href":"https:\/\/api.w.org\/{rel}","templated":true}]}}