{"id":25174,"date":"2015-05-05T09:32:44","date_gmt":"2015-05-05T14:32:44","guid":{"rendered":"http:\/\/www.ambiente.gob.ec\/?p=25174"},"modified":"2015-05-05T09:32:44","modified_gmt":"2015-05-05T14:32:44","slug":"conversatorio-y-charlas-ambientales-a-turistas-y-visitantes-de-isla-santay","status":"publish","type":"post","link":"https:\/\/www.ambienteyenergia.gob.ec\/ambiente\/conversatorio-y-charlas-ambientales-a-turistas-y-visitantes-de-isla-santay\/","title":{"rendered":"Conversatorio y charlas ambientales a turistas y visitantes de Isla Santay"},"content":{"rendered":"<p><span style=\"font-family: Calibri,sans-serif;\"><span style=\"font-size: medium;\">El proyecto de Recuperaci\u00f3n de las \u00c1reas Protegidas de la ciudad de Guayaquil: Estero Salado e Isla Santay (PRESIS), en colaboraci\u00f3n con estudiantes de la Facultad de Administraci\u00f3n y Marketing de la Universidad de Guayaquil, realizaron charlas de educaci\u00f3n ambiental sobre el correcto manejo de desechos s\u00f3lidos para la protecci\u00f3n del medio ambiente, dirigido a turistas y visitantes del \u00c1rea Nacional de Recreaci\u00f3n Isla Santay e Isla del Gallo.<\/span><\/span><\/p>\n<p><span style=\"font-family: Calibri,sans-serif;\"><span style=\"font-size: medium;\">Como parte de esta actividad, se ejecutaron varias actividades durante la jornada informativa en donde con juegos sobre la correcta disposici\u00f3n de los desechos s\u00f3lidos, se incentiv\u00f3 a los participantes sobre el cuidado del entorno y la protecci\u00f3n de las \u00e1reas protegidas para preservar un ambiente sano y ecol\u00f3gicamente equilibrado.<\/span><\/span><\/p>\n<p><span style=\"font-family: Calibri,sans-serif;\"><span style=\"font-size: medium;\">Adem\u00e1s varios grupos de estudiantes disfrazados de mimos, distribuidos en diferentes puntos de la Isla Santay: senderos, inicio de puentes, ecoaldea, realizaron actividades art\u00edsticas de concienciaci\u00f3n con carteles sobre el cuidado del ecosistema, educaci\u00f3n vial, correcto manejo de desechos s\u00f3lidos, entre otros.\/gr-ds<\/span><\/span><\/p>\n","protected":false},"excerpt":{"rendered":"<p class=\"excerpt\">El proyecto de Recuperaci\u00f3n de las \u00c1reas Protegidas de la ciudad de Guayaquil: Estero Salado e Isla Santay (PRESIS), en colaboraci\u00f3n con estudiantes de la Facultad de Administraci\u00f3n y Marketing de la Universidad de Guayaquil, realizaron charlas de educaci\u00f3n ambiental sobre el correcto manejo de desechos s\u00f3lidos para la protecci\u00f3n del medio ambiente, dirigido a turistas y visitantes del \u00c1rea&hellip; <a href=\"https:\/\/www.ambienteyenergia.gob.ec\/ambiente\/conversatorio-y-charlas-ambientales-a-turistas-y-visitantes-de-isla-santay\/\">Read more &rarr;<\/a><\/p>\n","protected":false},"author":13,"featured_media":25175,"comment_status":"open","ping_status":"open","sticky":false,"template":"","format":"standard","meta":{"footnotes":""},"categories":[16,4],"tags":[478,740,108,53,552],"class_list":["post-25174","post","type-post","status-publish","format-standard","has-post-thumbnail","hentry","category-comunicamos","category-noticias","tag-educacion-ambiental","tag-isla-gallo","tag-lorena-tapia","tag-mae","tag-santay","xfolkentry"],"_links":{"self":[{"href":"https:\/\/www.ambienteyenergia.gob.ec\/ambiente\/wp-json\/wp\/v2\/posts\/25174","targetHints":{"allow":["GET"]}}],"collection":[{"href":"https:\/\/www.ambienteyenergia.gob.ec\/ambiente\/wp-json\/wp\/v2\/posts"}],"about":[{"href":"https:\/\/www.ambienteyenergia.gob.ec\/ambiente\/wp-json\/wp\/v2\/types\/post"}],"author":[{"embeddable":true,"href":"https:\/\/www.ambienteyenergia.gob.ec\/ambiente\/wp-json\/wp\/v2\/users\/13"}],"replies":[{"embeddable":true,"href":"https:\/\/www.ambienteyenergia.gob.ec\/ambiente\/wp-json\/wp\/v2\/comments?post=25174"}],"version-history":[{"count":0,"href":"https:\/\/www.ambienteyenergia.gob.ec\/ambiente\/wp-json\/wp\/v2\/posts\/25174\/revisions"}],"wp:featuredmedia":[{"embeddable":true,"href":"https:\/\/www.ambienteyenergia.gob.ec\/ambiente\/wp-json\/wp\/v2\/media\/25175"}],"wp:attachment":[{"href":"https:\/\/www.ambienteyenergia.gob.ec\/ambiente\/wp-json\/wp\/v2\/media?parent=25174"}],"wp:term":[{"taxonomy":"category","embeddable":true,"href":"https:\/\/www.ambienteyenergia.gob.ec\/ambiente\/wp-json\/wp\/v2\/categories?post=25174"},{"taxonomy":"post_tag","embeddable":true,"href":"https:\/\/www.ambienteyenergia.gob.ec\/ambiente\/wp-json\/wp\/v2\/tags?post=25174"}],"curies":[{"name":"wp","href":"https:\/\/api.w.org\/{rel}","templated":true}]}}