{"id":25171,"date":"2015-04-24T11:13:26","date_gmt":"2015-04-24T16:13:26","guid":{"rendered":"http:\/\/www.ambiente.gob.ec\/?p=25171"},"modified":"2015-05-01T21:17:34","modified_gmt":"2015-05-02T02:17:34","slug":"ministerio-del-ambiente-dispone-suspension-de-actividades-por-afectacion-ambiental","status":"publish","type":"post","link":"https:\/\/www.ambienteyenergia.gob.ec\/ambiente\/ministerio-del-ambiente-dispone-suspension-de-actividades-por-afectacion-ambiental\/","title":{"rendered":"Ministerio del Ambiente dispone suspensi\u00f3n de actividades por afectaci\u00f3n ambiental"},"content":{"rendered":"<p style=\"text-align: justify;\">Como parte de las actividades de control y monitoreo que el Ministerio del Ambiente de Ecuador (MAE) realiza en territorio, se han efectuado en el presente a\u00f1o seis inspecciones al Proyecto Minero Mirador ubicado en Zamora Chinchipe.<\/p>\n<p style=\"text-align: justify;\">Como resultado de esta labor, t\u00e9cnicos de la Direcci\u00f3n Nacional de Control Ambiental identificaron incumplimientos a la licencia ambiental que mantiene la empresa. Por lo cual, con fecha 23 de abril, esta Cartera de Estado dispuso la suspensi\u00f3n inmediata de todo tipo de actividad que no se encuentre contemplada en el Estudio de Impacto Ambiental y en el Plan de Manejo Ambiental, aprobado para la fase de explotaci\u00f3n de 30.000 ton\/d\u00eda, hasta que tomen las medidas correctivas necesarias.<\/p>\n<p style=\"text-align: justify;\">Dentro del informe se destaca que el Titular Minero del Proyecto Minero Mirador incumple con el Estudio de Impacto Ambiental (EIA) y Plan de Manejo Ambiental (PMA) aprobado, respecto a la apertura de v\u00edas y trabajos no contemplados en los mismos, por lo que se ha iniciado el respectivo proceso administrativo, sin perjuicio de remediar las \u00e1reas afectadas.<\/p>\n<p style=\"text-align: justify;\">Entre los principales incumplimientos se encuentran; el mal manejo de combustibles; falta de actividades de rehabilitaci\u00f3n de las laderas y quebradas afectadas; plantaci\u00f3n de especies herb\u00e1ceas como gramalote para estabilizar el suelo; inadecuado tratamiento para la disposici\u00f3n final de los lodos de perforaci\u00f3n en algunas plataformas; entre otras observaciones.<\/p>\n<p style=\"text-align: justify;\">La Ministra del Ambiente, Lorena Tapia N, resalta que el Ministerio solicit\u00f3 la entrega de un plan emergente, mismo que fue entregado fuera de los l\u00edmites permitidos, y que presentaba informaci\u00f3n inconsistente con los lineamientos establecidos ante la ley.<\/p>\n<p style=\"text-align: justify;\">La M\u00e1xima Autoridad Ambiental ratific\u00f3 su compromiso de continuar con el control de este proyecto.\/ds<\/p>\n","protected":false},"excerpt":{"rendered":"<p class=\"excerpt\">Como parte de las actividades de control y monitoreo que el Ministerio del Ambiente de Ecuador (MAE) realiza en territorio, se han efectuado en el presente a\u00f1o seis inspecciones al Proyecto Minero Mirador ubicado en Zamora Chinchipe. Como resultado de esta labor, t\u00e9cnicos de la Direcci\u00f3n Nacional de Control Ambiental identificaron incumplimientos a la licencia ambiental que mantiene la empresa.&hellip; <a href=\"https:\/\/www.ambienteyenergia.gob.ec\/ambiente\/ministerio-del-ambiente-dispone-suspension-de-actividades-por-afectacion-ambiental\/\">Read more &rarr;<\/a><\/p>\n","protected":false},"author":13,"featured_media":24924,"comment_status":"open","ping_status":"open","sticky":false,"template":"","format":"standard","meta":{"footnotes":""},"categories":[16,4],"tags":[387],"class_list":["post-25171","post","type-post","status-publish","format-standard","has-post-thumbnail","hentry","category-comunicamos","category-noticias","tag-mae-lorena-tapia","xfolkentry"],"_links":{"self":[{"href":"https:\/\/www.ambienteyenergia.gob.ec\/ambiente\/wp-json\/wp\/v2\/posts\/25171","targetHints":{"allow":["GET"]}}],"collection":[{"href":"https:\/\/www.ambienteyenergia.gob.ec\/ambiente\/wp-json\/wp\/v2\/posts"}],"about":[{"href":"https:\/\/www.ambienteyenergia.gob.ec\/ambiente\/wp-json\/wp\/v2\/types\/post"}],"author":[{"embeddable":true,"href":"https:\/\/www.ambienteyenergia.gob.ec\/ambiente\/wp-json\/wp\/v2\/users\/13"}],"replies":[{"embeddable":true,"href":"https:\/\/www.ambienteyenergia.gob.ec\/ambiente\/wp-json\/wp\/v2\/comments?post=25171"}],"version-history":[{"count":0,"href":"https:\/\/www.ambienteyenergia.gob.ec\/ambiente\/wp-json\/wp\/v2\/posts\/25171\/revisions"}],"wp:featuredmedia":[{"embeddable":true,"href":"https:\/\/www.ambienteyenergia.gob.ec\/ambiente\/wp-json\/wp\/v2\/media\/24924"}],"wp:attachment":[{"href":"https:\/\/www.ambienteyenergia.gob.ec\/ambiente\/wp-json\/wp\/v2\/media?parent=25171"}],"wp:term":[{"taxonomy":"category","embeddable":true,"href":"https:\/\/www.ambienteyenergia.gob.ec\/ambiente\/wp-json\/wp\/v2\/categories?post=25171"},{"taxonomy":"post_tag","embeddable":true,"href":"https:\/\/www.ambienteyenergia.gob.ec\/ambiente\/wp-json\/wp\/v2\/tags?post=25171"}],"curies":[{"name":"wp","href":"https:\/\/api.w.org\/{rel}","templated":true}]}}