{"id":25166,"date":"2015-04-30T16:37:12","date_gmt":"2015-04-30T21:37:12","guid":{"rendered":"http:\/\/www.ambiente.gob.ec\/?p=25166"},"modified":"2015-04-30T16:37:12","modified_gmt":"2015-04-30T21:37:12","slug":"visitantes-nacionales-y-extranjeros-recorrieron-las-areas-protegidas","status":"publish","type":"post","link":"https:\/\/www.ambienteyenergia.gob.ec\/ambiente\/visitantes-nacionales-y-extranjeros-recorrieron-las-areas-protegidas\/","title":{"rendered":"Visitantes nacionales y extranjeros recorrieron las \u00e1reas protegidas"},"content":{"rendered":"<p class=\"western\" align=\"JUSTIFY\"><span style=\"color: #000000;\"><span style=\"font-family: Arial,serif;\"><span style=\"font-size: medium;\">El Ministerio del Ambiente particip\u00f3 de las diferentes actividades desarrolladas dentro del marco de la <\/span><\/span><\/span><span style=\"color: #000000;\"><span style=\"font-family: Arial,serif;\"><span style=\"font-size: medium;\">Conferencia Internacional de Ecoturismo y Turismo Sostenible, uno de los eventos m\u00e1s importantes a nivel mundial en materia de cuidado ambiental y turismo.<\/span><\/span><\/span><\/p>\n<p class=\"western\" align=\"JUSTIFY\"><span style=\"color: #000000;\"><span style=\"font-family: Arial,serif;\"><span style=\"font-size: medium;\">Una de las acciones emprendidas durante este encuentro, fue la visita realizada el 29 de abril a las diferentes \u00c1reas Protegidas (AP) del Ecuador, con el fin de conocer y experimentar la riqueza natural que ofrecen estos espacios.<\/span><\/span><\/span><\/p>\n<p class=\"western\" align=\"JUSTIFY\"><span style=\"color: #000000;\"><span style=\"font-family: Arial,serif;\"><span style=\"font-size: medium;\">M\u00e1s de 300 personas, entre representantes del sector tur\u00edstico, academia y Organi<\/span><\/span><\/span><span style=\"color: #000000;\"><span style=\"font-family: Arial,serif;\"><span style=\"font-size: medium;\">zaciones<\/span><\/span><\/span><span style=\"color: #000000;\"><span style=\"font-family: Arial,serif;\"><span style=\"font-size: medium;\"> no Gubernamentales a nivel mundial, recorrieron parte del patrimonio natural del pa\u00eds, como son los Parques Nacionales Cotopaxi, Cayambe Coca, Antisana y Pululahua; en los que realizaron varias actividades para el reconocimiento y disfrute de las reservas.<\/span><\/span><\/span><\/p>\n<p class=\"western\" align=\"JUSTIFY\"><span style=\"color: #000000;\"><span style=\"font-family: Arial,serif;\"><span style=\"font-size: medium;\"><b>Actividades y experiencias<\/b><\/span><\/span><\/span><\/p>\n<p class=\"western\" align=\"JUSTIFY\"><span style=\"color: #000000;\"><span style=\"font-family: Arial,serif;\"><span style=\"font-size: medium;\">En el Parque Nacional Cayambe Coca, los turistas pudieron conocer la Cascada Milagrosa, las lagunas que rodean la zona alta del Parque y las termas de Papallacta, escenario en el que el Jefe de \u00e1reas y guardaparques ofrecieron una charla en la que se evidenci\u00f3 la gesti\u00f3n que desarrolla el Ministerio del Ambiente (MAE) para el fortalecimiento del Sistema Nacional de \u00c1reas Protegidas del Ecuador.<\/span><\/span><\/span><\/p>\n<p class=\"western\" align=\"JUSTIFY\"><span style=\"color: #000000;\"><span style=\"font-family: Arial,serif;\"><span style=\"font-size: medium;\">Mientras caminaban por el sendero Pasacocha, los guardaparques compartieron informaci\u00f3n relacionada a la tradici\u00f3n, cultura, actividades de conservaci\u00f3n y la enorme biodiversidad que alberga este lugar. Adem\u00e1s, se inform\u00f3 que el oso de anteojos, el tapir andino, el lobo de p\u00e1ramo, son las especies emblem\u00e1ticas de este sector. <\/span><\/span><\/span><\/p>\n<p class=\"western\" align=\"JUSTIFY\"><span style=\"color: #000000;\"><span style=\"font-family: Arial,serif;\"><span style=\"font-size: medium;\">Al llegar a la Cascada Milagrosa, la cual posee una ca\u00edda de agua de m\u00e1s de 10 metros de altura, se inform\u00f3 a los visitantes que en ese lugar se realizan rituales sham\u00e1nicos para sanar el alma de quienes se introducen en sus aguas.<\/span><\/span><\/span><\/p>\n<p class=\"western\" align=\"JUSTIFY\"><span style=\"color: #000000;\"><span style=\"font-family: Arial,serif;\"><span style=\"font-size: medium;\">Para Deebra Salker de Irlanda, quien trabaja como operadora tur\u00edstica comunitaria en su pa\u00eds, la experiencia de conocer una de las \u00e1reas protegidas del Ecuador, ha sido una aventura emocionante. \u201cConocer un poco de la historia del Ecuador reflejada en un Parque Nacional me conmueve y me invita a seguir conociendo este pa\u00eds lleno de amabilidad y biodiversidad\u201d, manifest\u00f3. <\/span><\/span><\/span><\/p>\n<p class=\"western\" align=\"JUSTIFY\"><span style=\"color: #000000;\"><span style=\"font-family: Arial,serif;\"><span style=\"font-size: medium;\">Por otro lado, 30 delegados internacionales visitaron el Parque Nacional Cotopaxi, en donde fueron recibidos por t\u00e9cnicos y guardaparques del lugar. <\/span><\/span><\/span><span style=\"color: #000000;\"><span style=\"font-family: Arial,serif;\"><span style=\"font-size: medium;\">Fernanda Navas, Administradora del Parque, realiz\u00f3 una presentaci\u00f3n sobre la importancia de la conservaci\u00f3n de esta \u00e1rea, y de las acciones que esta Cartera de Estado, emprende para su adecuado manejo ambiental y la promoci\u00f3n de un ecoturismo sustentable. <\/span><\/span><\/span><\/p>\n<p class=\"western\" align=\"JUSTIFY\"><span style=\"color: #000000;\"><span style=\"font-family: Arial,serif;\"><span style=\"font-size: medium;\">Adem\u00e1s, los visitantes pudieron conocer las facilidades tur\u00edsticas que ofrecen las empresas privadas de la zona, es as\u00ed que la Operadora de Turismo Biking, especializada en bicicleta de aventura, realiz\u00f3 un recorrido en el que la delegaci\u00f3n tuvo la oportunidad de conocer los paisajes andinos y tener una vista despejada del volc\u00e1n Cotopaxi. <\/span><\/span><\/span><\/p>\n<p class=\"western\" align=\"JUSTIFY\"><span style=\"color: #000000;\"><span style=\"font-family: Arial,serif;\"><span style=\"font-size: medium;\">Kelly Bricker, catedr\u00e1tica de Turismo Sostenible de la Universidad de UTHA en Salt Lake City, manifest\u00f3 estar sorprendida por la belleza y potencial que tiene el Ecuador para el Ecoturismo.<\/span><\/span><\/span><\/p>\n<p class=\"western\" align=\"JUSTIFY\"><span style=\"color: #000000;\"><span style=\"font-family: Arial,serif;\"><span style=\"font-size: medium;\">Asimismo, en el Antisana, 25 representantes de operadoras tur\u00edsticas realizaron una caminata en la que observaron la laguna de la Mica, aves emblem\u00e1ticas como son los Curiquingues y C\u00f3ndores. Al finalizar el recorrido llegaron a la zona de pesca.\/<\/span><\/span><\/span><span style=\"color: #000000;\"><span style=\"font-family: Arial,serif;\"><span style=\"font-size: medium;\">em-ds<\/span><\/span><\/span><\/p>\n<p class=\"western\" align=\"JUSTIFY\"><strong><span style=\"color: #000000;\"><span style=\"font-family: Arial,serif;\"><span style=\"font-size: medium;\">El dato<\/span><\/span><\/span><\/strong><\/p>\n<p class=\"western\" align=\"JUSTIFY\"><span style=\"color: #000000;\"><span style=\"font-family: Arial,serif;\"><span style=\"font-size: medium;\">Esta Cartera de Estado particip\u00f3 en la Conferencia Internacional con tres ponencias relacionadas a: Sostenibilidad Financiera para el Sistema Nacional de \u00c1reas Protegidas, la Metodolog\u00eda de Destino y la Gesti\u00f3n e inversi\u00f3n del MAE en infraestructura y equipamiento en \u00e1reas protegidas desde una visi\u00f3n sostenible.<\/span><\/span><\/span><\/p>\n<p class=\"western\" align=\"JUSTIFY\"><span style=\"color: #000000;\"><span style=\"font-family: Arial,serif;\"><span style=\"font-size: medium;\">Asimismo, esta fue una oportunidad para la presentaci\u00f3n del portal web de \u00e1reas protegidas (areasprotegidas.ambiente.gob.ec). Estos eventos permitieron el posicionamiento, difusi\u00f3n y promoci\u00f3n de los beneficios naturales, econ\u00f3micos y tur\u00edsticos que ofrecen estos espacios megadiversos desde Ecuador para el mundo.<\/span><\/span><\/span><\/p>\n","protected":false},"excerpt":{"rendered":"<p class=\"excerpt\">El Ministerio del Ambiente particip\u00f3 de las diferentes actividades desarrolladas dentro del marco de la Conferencia Internacional de Ecoturismo y Turismo Sostenible, uno de los eventos m\u00e1s importantes a nivel mundial en materia de cuidado ambiental y turismo. Una de las acciones emprendidas durante este encuentro, fue la visita realizada el 29 de abril a las diferentes \u00c1reas Protegidas (AP)&hellip; <a href=\"https:\/\/www.ambienteyenergia.gob.ec\/ambiente\/visitantes-nacionales-y-extranjeros-recorrieron-las-areas-protegidas\/\">Read more &rarr;<\/a><\/p>\n","protected":false},"author":13,"featured_media":25167,"comment_status":"open","ping_status":"open","sticky":false,"template":"","format":"standard","meta":{"footnotes":""},"categories":[16,4],"tags":[108,53,715,735],"class_list":["post-25166","post","type-post","status-publish","format-standard","has-post-thumbnail","hentry","category-comunicamos","category-noticias","tag-lorena-tapia","tag-mae","tag-snap","tag-turismo-sostenible","xfolkentry"],"_links":{"self":[{"href":"https:\/\/www.ambienteyenergia.gob.ec\/ambiente\/wp-json\/wp\/v2\/posts\/25166","targetHints":{"allow":["GET"]}}],"collection":[{"href":"https:\/\/www.ambienteyenergia.gob.ec\/ambiente\/wp-json\/wp\/v2\/posts"}],"about":[{"href":"https:\/\/www.ambienteyenergia.gob.ec\/ambiente\/wp-json\/wp\/v2\/types\/post"}],"author":[{"embeddable":true,"href":"https:\/\/www.ambienteyenergia.gob.ec\/ambiente\/wp-json\/wp\/v2\/users\/13"}],"replies":[{"embeddable":true,"href":"https:\/\/www.ambienteyenergia.gob.ec\/ambiente\/wp-json\/wp\/v2\/comments?post=25166"}],"version-history":[{"count":0,"href":"https:\/\/www.ambienteyenergia.gob.ec\/ambiente\/wp-json\/wp\/v2\/posts\/25166\/revisions"}],"wp:featuredmedia":[{"embeddable":true,"href":"https:\/\/www.ambienteyenergia.gob.ec\/ambiente\/wp-json\/wp\/v2\/media\/25167"}],"wp:attachment":[{"href":"https:\/\/www.ambienteyenergia.gob.ec\/ambiente\/wp-json\/wp\/v2\/media?parent=25166"}],"wp:term":[{"taxonomy":"category","embeddable":true,"href":"https:\/\/www.ambienteyenergia.gob.ec\/ambiente\/wp-json\/wp\/v2\/categories?post=25166"},{"taxonomy":"post_tag","embeddable":true,"href":"https:\/\/www.ambienteyenergia.gob.ec\/ambiente\/wp-json\/wp\/v2\/tags?post=25166"}],"curies":[{"name":"wp","href":"https:\/\/api.w.org\/{rel}","templated":true}]}}