{"id":25164,"date":"2015-04-30T13:13:37","date_gmt":"2015-04-30T18:13:37","guid":{"rendered":"http:\/\/www.ambiente.gob.ec\/?p=25164"},"modified":"2015-06-12T09:11:22","modified_gmt":"2015-06-12T14:11:22","slug":"mae-da-seguimiento-a-presunto-delito-ambiental","status":"publish","type":"post","link":"https:\/\/www.ambienteyenergia.gob.ec\/ambiente\/mae-da-seguimiento-a-presunto-delito-ambiental\/","title":{"rendered":"MAE da seguimiento a presunto delito ambiental"},"content":{"rendered":"<p align=\"JUSTIFY\">En cumplimiento a lo dispuesto en el C\u00f3digo Org\u00e1nico Integral Penal, en su art\u00edculo 247, el Ministerio del Ambiente, con fecha 2 de febrero, present\u00f3 la correspondiente denuncia en la Fiscalia, con la finalidad determinar e identificar a los culpables del asesinato de un oso de anteojos, ocurrido en el Parque Nacional Sangay y se establezcan las sanciones del caso.<\/p>\n<p align=\"JUSTIFY\">Con fecha 06 de febrero del 2015, la Fiscal\u00eda provincial de Chimborazo inici\u00f3 la fase de investigaci\u00f3n previa, para indagar los hechos presumiblemente constitutivos de infracci\u00f3n penal, establecidos y tipificados en los Art. 247 y 257 del COIP.<\/p>\n<p align=\"JUSTIFY\">Como parte de este proceso legal, funcionarios de esta Cartera de Estado entregaron evidencia a la autoridad fiscal provincial, entre las que consta material audiovisual, al que se le realiz\u00f3 la pr\u00e1ctica de reconocimiento, extracci\u00f3n an\u00e1lisis y secuencia de im\u00e1genes voces y m\u00e1s datos de la evidencia, a cargo de dos peritos de criminal\u00edstica.<\/p>\n<p align=\"JUSTIFY\">Actualmente el proceso de encuentra en etapa de indagaci\u00f3n previa, pues la Autoridad Ambiental de Chimborazo a solicitado la declaraci\u00f3n de los implicados en el suceso que produjo la muerte del esp\u00e9cimen en peligro de extinci\u00f3n.<\/p>\n<p align=\"JUSTIFY\">Cabe recalcar que el MAE realizar\u00e1 el seguimiento de este caso a fin de que se sancionen a los responsables de atentar contra los Derechos de la Naturaleza.\/ds<\/p>\n","protected":false},"excerpt":{"rendered":"<p class=\"excerpt\">En cumplimiento a lo dispuesto en el C\u00f3digo Org\u00e1nico Integral Penal, en su art\u00edculo 247, el Ministerio del Ambiente, con fecha 2 de febrero, present\u00f3 la correspondiente denuncia en la Fiscalia, con la finalidad determinar e identificar a los culpables del asesinato de un oso de anteojos, ocurrido en el Parque Nacional Sangay y se establezcan las sanciones del caso.&hellip; <a href=\"https:\/\/www.ambienteyenergia.gob.ec\/ambiente\/mae-da-seguimiento-a-presunto-delito-ambiental\/\">Read more &rarr;<\/a><\/p>\n","protected":false},"author":13,"featured_media":24924,"comment_status":"open","ping_status":"open","sticky":false,"template":"","format":"standard","meta":{"footnotes":""},"categories":[16,4],"tags":[101,739,108,53,223,738],"class_list":["post-25164","post","type-post","status-publish","format-standard","has-post-thumbnail","hentry","category-comunicamos","category-noticias","tag-chimborazo","tag-coip","tag-lorena-tapia","tag-mae","tag-oso-de-anteojos","tag-presunto-delito-ambiental","xfolkentry"],"_links":{"self":[{"href":"https:\/\/www.ambienteyenergia.gob.ec\/ambiente\/wp-json\/wp\/v2\/posts\/25164","targetHints":{"allow":["GET"]}}],"collection":[{"href":"https:\/\/www.ambienteyenergia.gob.ec\/ambiente\/wp-json\/wp\/v2\/posts"}],"about":[{"href":"https:\/\/www.ambienteyenergia.gob.ec\/ambiente\/wp-json\/wp\/v2\/types\/post"}],"author":[{"embeddable":true,"href":"https:\/\/www.ambienteyenergia.gob.ec\/ambiente\/wp-json\/wp\/v2\/users\/13"}],"replies":[{"embeddable":true,"href":"https:\/\/www.ambienteyenergia.gob.ec\/ambiente\/wp-json\/wp\/v2\/comments?post=25164"}],"version-history":[{"count":0,"href":"https:\/\/www.ambienteyenergia.gob.ec\/ambiente\/wp-json\/wp\/v2\/posts\/25164\/revisions"}],"wp:featuredmedia":[{"embeddable":true,"href":"https:\/\/www.ambienteyenergia.gob.ec\/ambiente\/wp-json\/wp\/v2\/media\/24924"}],"wp:attachment":[{"href":"https:\/\/www.ambienteyenergia.gob.ec\/ambiente\/wp-json\/wp\/v2\/media?parent=25164"}],"wp:term":[{"taxonomy":"category","embeddable":true,"href":"https:\/\/www.ambienteyenergia.gob.ec\/ambiente\/wp-json\/wp\/v2\/categories?post=25164"},{"taxonomy":"post_tag","embeddable":true,"href":"https:\/\/www.ambienteyenergia.gob.ec\/ambiente\/wp-json\/wp\/v2\/tags?post=25164"}],"curies":[{"name":"wp","href":"https:\/\/api.w.org\/{rel}","templated":true}]}}