{"id":25161,"date":"2015-04-29T17:00:54","date_gmt":"2015-04-29T22:00:54","guid":{"rendered":"http:\/\/www.ambiente.gob.ec\/?p=25161"},"modified":"2015-04-29T17:01:13","modified_gmt":"2015-04-29T22:01:13","slug":"ecuador-destaco-avances-en-materia-ambiental-en-cumbre-desarrollada-en-el-vaticano","status":"publish","type":"post","link":"https:\/\/www.ambienteyenergia.gob.ec\/ambiente\/ecuador-destaco-avances-en-materia-ambiental-en-cumbre-desarrollada-en-el-vaticano\/","title":{"rendered":"Ecuador destac\u00f3 avances en materia ambiental en Cumbre desarrollada en El Vaticano"},"content":{"rendered":"<p class=\"western\" lang=\"es-ES\" align=\"JUSTIFY\"><span style=\"font-family: Calibri,sans-serif;\"><span style=\"font-size: small;\">La Se\u00f1ora Ministra del Ambiente, Lorena Tapia fue parte de la delegaci\u00f3n ecuatoriana que acompa\u00f1\u00f3 al Presidente de la Rep\u00fablica Rafael Correa Delgado a la Cumbre sobre Dimensi\u00f3n Moral del Cambio Clim\u00e1tico realizado en la Ciudad del Vaticano, Italia.<\/span><\/span><\/p>\n<p class=\"western\" lang=\"es-ES\" align=\"JUSTIFY\"><span style=\"font-family: Calibri,sans-serif;\"><span style=\"font-size: small;\">La hist\u00f3rica ciudad sirvi\u00f3 como escenario para elevar el debate global sobre la necesidad de discutir acerca de las dimensiones de los efectos del cambio clim\u00e1tico a nivel mundial y el desarrollo sostenible, en el marco de la publicaci\u00f3n de la primera enc\u00edclica Papal sobre ambiente y la Cumbre de Par\u00eds 2015.<\/span><\/span><\/p>\n<p class=\"western\" lang=\"es-ES\" align=\"JUSTIFY\"><span style=\"font-family: Calibri,sans-serif;\"><span style=\"font-size: small;\">La Ministra, Lorena Tapia, reconoci\u00f3 que esta invitaci\u00f3n al Vaticano es un reconocimiento al liderazgo internacional que ha mantenido el Ecuador, en los \u00faltimos a\u00f1os, en materia de protecci\u00f3n a la naturaleza y mitigaci\u00f3n de los efectos del calentamiento global.<\/span><\/span><\/p>\n<p class=\"western\" lang=\"es-ES\" align=\"JUSTIFY\"><span style=\"font-family: Calibri,sans-serif;\"><span style=\"font-size: small;\">El Presidente de la Rep\u00fablica, Rafael Correa, fue el \u00fanico Jefe de Estado <\/span><\/span><span style=\"font-family: Calibri,sans-serif;\"><span style=\"font-size: small;\">invitado a<\/span><\/span><span style=\"font-family: Calibri,sans-serif;\"><span style=\"font-size: small;\"> la Cumbre. <\/span><\/span><span style=\"font-family: Calibri,sans-serif;\"><span style=\"font-size: small;\">S<\/span><\/span><span style=\"font-family: Calibri,sans-serif;\"><span style=\"font-size: small;\">u ponencia en la conferencia \u201cProteger la tierra y dignificar al Ser Humano\u201d destac\u00f3 el equilibro que debe existir a nivel mundial entre los avances en conservaci\u00f3n y mejoramiento de la calidad de vida de personas de escasos recursos.<\/span><\/span><\/p>\n<p class=\"western\" lang=\"es-ES\" align=\"JUSTIFY\">\u201c<span style=\"font-family: Calibri,sans-serif;\"><span style=\"font-size: small;\">El concepto de las Emisiones Evadidas Netas expande las posibilidades de compensaci\u00f3n, pero debemos destinar esos fondos principalmente a prevenci\u00f3n, mitigaci\u00f3n y adaptaci\u00f3n para hacer menos vulnerables a aquellas naciones que enfrentan las consecuencias al cambio clim\u00e1tico\u201d, clarific\u00f3 el primer mandatario.<\/span><\/span><\/p>\n<p class=\"western\" lang=\"es-ES\" align=\"JUSTIFY\"><span style=\"font-family: Calibri,sans-serif;\"><span style=\"font-size: small;\"><span lang=\"es-EC\">La Conferencia, liderada por el Secretario General de Naciones Unidas, Ban Ki-moon seleccion\u00f3 al Gobierno de Ecuador por las importantes coincidencias que existen entre la visi\u00f3n Papal del desarrollo sostenible y la actual filosof\u00eda del Buen Vivir que Ecuador aplica en sus Pol\u00edticas de Estado. <\/span><\/span><\/span><\/p>\n<p class=\"western\" lang=\"es-ES\" align=\"JUSTIFY\"><span style=\"font-family: Calibri,sans-serif;\"><span style=\"font-size: small;\"><span lang=\"es-EC\">La Enc\u00edclica reconoce que el objetivo central del desarrollo sostenible debe ser la erradicaci\u00f3n de la pobreza y las desigualdades, lo cual coincide con la visi\u00f3n del Gobierno de Ecuador al 2030 expresada en la Constituci\u00f3n el Ecuador del 2008, el Plan Nacional del Buen Vivir, la Estrategia Nacional de Acumulaci\u00f3n, Distribuci\u00f3n y Redistribuci\u00f3n de la Riqueza, que se relaciona con la Pol\u00edtica Ecuatoriana de Cambio Clim\u00e1tico.<\/span><\/span><\/span><\/p>\n<p class=\"western\" lang=\"es-ES\" align=\"JUSTIFY\"><span style=\"font-family: Calibri,sans-serif;\"><span style=\"font-size: small;\"><span lang=\"es-EC\">En este sentido, la Ministra de Ambiente del Ecuador, Lorena Tapia, ha impulsado importantes hitos que son evidentes en:<\/span><\/span><\/span><\/p>\n<p class=\"western\" align=\"JUSTIFY\"><span style=\"font-family: Calibri,sans-serif;\"><span style=\"font-size: small;\">a) Conservaci\u00f3n de bosques.<\/span><\/span><\/p>\n<p class=\"western\" align=\"JUSTIFY\"><span style=\"font-family: Calibri,sans-serif;\"><span style=\"font-size: small;\">b) Reforestaci\u00f3n.<\/span><\/span><\/p>\n<p class=\"western\" align=\"JUSTIFY\"><span style=\"font-family: Calibri,sans-serif;\"><span style=\"font-size: small;\">c) Acciones contra el Cambio Clim\u00e1tico.<\/span><\/span><\/p>\n<p class=\"western\" align=\"JUSTIFY\"><span style=\"font-family: Calibri,sans-serif;\"><span style=\"font-size: small;\">d) Ejecuci\u00f3n del Programa Nacional de Reducci\u00f3n de emisiones por Deforestaci\u00f3n y Degradaci\u00f3n Forestal (REDD+).<\/span><\/span><\/p>\n<p class=\"western\" align=\"JUSTIFY\"><span style=\"font-family: Calibri,sans-serif;\"><span style=\"font-size: small;\">La agenda en el Vaticano continu\u00f3 con una audiencia privada con el Papa Francisco que la Ministra de Ambiente Lorena Tapia y el Presidente Rafael Correa. <\/span><\/span><\/p>\n<p class=\"western\" lang=\"es-ES\" align=\"JUSTIFY\"><span style=\"font-family: Calibri,sans-serif;\"><span style=\"font-size: small;\"><span lang=\"es-EC\">Llegada la noche la delegaci\u00f3n recibi\u00f3 a las familias ecuatorianas en Italia que vieron el retorno de sus hijos a Ecuador, una celebraci\u00f3n que llen\u00f3 de alegr\u00eda los corazones de las familias radicadas en el pa\u00eds europeo. <\/span><\/span><\/span><\/p>\n<p class=\"western\" lang=\"es-ES\" align=\"JUSTIFY\"><span style=\"font-family: Calibri,sans-serif;\"><span style=\"font-size: small;\"><span lang=\"es-EC\">La Ministra Lorena Tapia comparti\u00f3 su mesa para acercarse y compartir de cerca las experiencias de los ciudadanos que han logrado sobresalir en un pa\u00eds extranjero. Despu\u00e9s de una emotiva velada llena de m\u00fasica y espont\u00e1nea alegr\u00eda motivada por los m\u00e1s peque\u00f1os, la M\u00e1xima Autoridad Ambiental acompa\u00f1\u00f3 al Presidente Rafael Correa a la agenda de entrevistas que mantuvo con la Radio del Vaticano, la Agencia EFE y la Radio y Televisi\u00f3n Italiana con lo que concluy\u00f3 con broche de oro la agenda de la delegaci\u00f3n ecuatoriana en Italia, difundiendo los resultados de una gesti\u00f3n que trabaja por el derecho de la naturaleza y los ciudadanos a coexistir en un ambiente sano.\/<\/span><\/span><\/span><span style=\"font-family: Calibri,sans-serif;\"><span style=\"font-size: small;\"><span lang=\"es-EC\">ft-ds<\/span><\/span><\/span><\/p>\n","protected":false},"excerpt":{"rendered":"<p class=\"excerpt\">La Se\u00f1ora Ministra del Ambiente, Lorena Tapia fue parte de la delegaci\u00f3n ecuatoriana que acompa\u00f1\u00f3 al Presidente de la Rep\u00fablica Rafael Correa Delgado a la Cumbre sobre Dimensi\u00f3n Moral del Cambio Clim\u00e1tico realizado en la Ciudad del Vaticano, Italia. La hist\u00f3rica ciudad sirvi\u00f3 como escenario para elevar el debate global sobre la necesidad de discutir acerca de las dimensiones de&hellip; <a href=\"https:\/\/www.ambienteyenergia.gob.ec\/ambiente\/ecuador-destaco-avances-en-materia-ambiental-en-cumbre-desarrollada-en-el-vaticano\/\">Read more &rarr;<\/a><\/p>\n","protected":false},"author":13,"featured_media":25162,"comment_status":"open","ping_status":"open","sticky":false,"template":"","format":"standard","meta":{"footnotes":""},"categories":[16,4],"tags":[133,108,53,140,737],"class_list":["post-25161","post","type-post","status-publish","format-standard","has-post-thumbnail","hentry","category-comunicamos","category-noticias","tag-cambio-climatico","tag-lorena-tapia","tag-mae","tag-rafael-correa","tag-visita-vaticano","xfolkentry"],"_links":{"self":[{"href":"https:\/\/www.ambienteyenergia.gob.ec\/ambiente\/wp-json\/wp\/v2\/posts\/25161","targetHints":{"allow":["GET"]}}],"collection":[{"href":"https:\/\/www.ambienteyenergia.gob.ec\/ambiente\/wp-json\/wp\/v2\/posts"}],"about":[{"href":"https:\/\/www.ambienteyenergia.gob.ec\/ambiente\/wp-json\/wp\/v2\/types\/post"}],"author":[{"embeddable":true,"href":"https:\/\/www.ambienteyenergia.gob.ec\/ambiente\/wp-json\/wp\/v2\/users\/13"}],"replies":[{"embeddable":true,"href":"https:\/\/www.ambienteyenergia.gob.ec\/ambiente\/wp-json\/wp\/v2\/comments?post=25161"}],"version-history":[{"count":0,"href":"https:\/\/www.ambienteyenergia.gob.ec\/ambiente\/wp-json\/wp\/v2\/posts\/25161\/revisions"}],"wp:featuredmedia":[{"embeddable":true,"href":"https:\/\/www.ambienteyenergia.gob.ec\/ambiente\/wp-json\/wp\/v2\/media\/25162"}],"wp:attachment":[{"href":"https:\/\/www.ambienteyenergia.gob.ec\/ambiente\/wp-json\/wp\/v2\/media?parent=25161"}],"wp:term":[{"taxonomy":"category","embeddable":true,"href":"https:\/\/www.ambienteyenergia.gob.ec\/ambiente\/wp-json\/wp\/v2\/categories?post=25161"},{"taxonomy":"post_tag","embeddable":true,"href":"https:\/\/www.ambienteyenergia.gob.ec\/ambiente\/wp-json\/wp\/v2\/tags?post=25161"}],"curies":[{"name":"wp","href":"https:\/\/api.w.org\/{rel}","templated":true}]}}