{"id":25151,"date":"2015-04-28T18:15:38","date_gmt":"2015-04-28T23:15:38","guid":{"rendered":"http:\/\/www.ambiente.gob.ec\/?p=25151"},"modified":"2015-04-28T18:16:31","modified_gmt":"2015-04-28T23:16:31","slug":"mae-presento-el-portal-web-de-areas-protegidas","status":"publish","type":"post","link":"https:\/\/www.ambienteyenergia.gob.ec\/ambiente\/mae-presento-el-portal-web-de-areas-protegidas\/","title":{"rendered":"MAE present\u00f3 el portal web de \u00e1reas protegidas"},"content":{"rendered":"<p align=\"JUSTIFY\"><span style=\"font-family: Calibri,sans-serif;\"><span style=\"font-size: medium;\">Ecuador acoge, desde ayer, uno de los eventos m\u00e1s importantes en materia tur\u00edstica a nivel mundial, la Conferencia Internacional de Ecoturismo y Turismo Sostenible que tiene como meta generar un espacio de di\u00e1logo con principales actores de este sector, que para nuestro pa\u00eds es de vital importancia para consolidad el cambio de matriz productiva, por medio de la implementaci\u00f3n de modelos de desarrollo sostenibles con miras en la conservaci\u00f3n y protecci\u00f3n del patrimonio natural nacional.<\/span><\/span><\/p>\n<p align=\"JUSTIFY\"><span style=\"font-family: Calibri,sans-serif;\"><span style=\"font-size: medium;\">Es por ello, y con el af\u00e1n de posicionar a nuestro pa\u00eds como potencia tur\u00edstica, el Ministerio del Ambiente con el apoyo del Programa de las Naciones Unidas para el Desarrollo y el Fondo para el Medio Ambiente Mundial ha implementado un portal web Sistema Nacional de \u00c1reas Protegidas que fue presentado hoy, en el Palacio de Cristal del Parque Itchimb\u00eda, a cargo del Subsecretario de Patrimonio Natural, Christian Ter\u00e1n.<\/span><\/span><\/p>\n<p align=\"JUSTIFY\"><span style=\"font-family: Calibri,sans-serif;\"><span style=\"font-size: medium;\">Durante su exposici\u00f3n se resaltaron las bondades de esta herramienta digital que integra informaci\u00f3n sobre biodiversidad, geograf\u00eda, aspectos culturales, principales atractivos y facilidades tur\u00edsticas, recomendaci\u00f3n y detalles de los accesos a cada una de las 51 \u00e1reas protegidas del Estado.<\/span><\/span><\/p>\n<p align=\"JUSTIFY\"><span style=\"font-family: Calibri,sans-serif;\"><span style=\"font-size: medium;\">Esto permitir\u00e1 integrar en una sola plataforma informaci\u00f3n de f\u00e1cil manejo que busca posicionar el Sistema Nacional de \u00c1reas Protegidas en los diversos p\u00fablicos de inter\u00e9s, permitiendo al turista acercarse m\u00e1s a estos espacios naturales.<\/span><\/span><\/p>\n<p align=\"JUSTIFY\"><span style=\"font-family: Calibri,sans-serif;\"><span style=\"font-size: medium;\">En su discurso de presentaci\u00f3n la Ministra de Ambiente (Subrogante), Lorena S\u00e1nchez reconoci\u00f3 que este espacio de dialogo permite desarrollar nuevas estrategias de turismo sostenible con enfoque en el desarrollo local, adem\u00e1s de posicionar a las \u00e1reas protegidas como un sector econ\u00f3mico activo.<\/span><\/span><\/p>\n<p align=\"JUSTIFY\">\u201c<span style=\"font-family: Calibri,sans-serif;\"><span style=\"font-size: medium;\">Estamos convencidos del rol fundamental que tienen las \u00e1reas protegidas, en la provisi\u00f3n de bienes y servicios ecosist\u00e9micos que la sociedad demanda para alcanzar su buen vivir\u201d, coment\u00f3 S\u00e1nchez.<\/span><\/span><\/p>\n<p align=\"JUSTIFY\"><span style=\"font-family: Calibri,sans-serif;\"><span style=\"font-size: medium;\">Como parte del cronograma establecido para esta cita internacional se realizaron varias sesiones de educaci\u00f3n que ten\u00edan como principal tema el trabajo ejecutado en los diferentes pa\u00eds participantes como iniciativas de desarrollo social de car\u00e1cter local.<\/span><\/span><\/p>\n<p align=\"JUSTIFY\">\u201c<span style=\"font-family: Calibri,sans-serif;\"><span style=\"font-size: medium;\">Instamos al sector tur\u00edstico a trabajar en coordinaci\u00f3n con esta Cartera de Estado para aunar esfuerzos y lograr el posicionamiento de un Ecuador Verde, que aprovecha responsablemente la belleza natural y la megadiversidad que nos ofrecen las \u00e1reas protegidas\u201d, finaliz\u00f3 la autoridad ambiental.\/ds<\/span><\/span><\/p>\n","protected":false},"excerpt":{"rendered":"<p class=\"excerpt\">Ecuador acoge, desde ayer, uno de los eventos m\u00e1s importantes en materia tur\u00edstica a nivel mundial, la Conferencia Internacional de Ecoturismo y Turismo Sostenible que tiene como meta generar un espacio de di\u00e1logo con principales actores de este sector, que para nuestro pa\u00eds es de vital importancia para consolidad el cambio de matriz productiva, por medio de la implementaci\u00f3n de&hellip; <a href=\"https:\/\/www.ambienteyenergia.gob.ec\/ambiente\/mae-presento-el-portal-web-de-areas-protegidas\/\">Read more &rarr;<\/a><\/p>\n","protected":false},"author":13,"featured_media":25152,"comment_status":"open","ping_status":"open","sticky":false,"template":"","format":"standard","meta":{"footnotes":""},"categories":[16,4],"tags":[147,736,108,53,735],"class_list":["post-25151","post","type-post","status-publish","format-standard","has-post-thumbnail","hentry","category-comunicamos","category-noticias","tag-areas-protegidas-2","tag-conferencia-internacional-de-ecoturismo-y-turismo-sostenible","tag-lorena-tapia","tag-mae","tag-turismo-sostenible","xfolkentry"],"_links":{"self":[{"href":"https:\/\/www.ambienteyenergia.gob.ec\/ambiente\/wp-json\/wp\/v2\/posts\/25151","targetHints":{"allow":["GET"]}}],"collection":[{"href":"https:\/\/www.ambienteyenergia.gob.ec\/ambiente\/wp-json\/wp\/v2\/posts"}],"about":[{"href":"https:\/\/www.ambienteyenergia.gob.ec\/ambiente\/wp-json\/wp\/v2\/types\/post"}],"author":[{"embeddable":true,"href":"https:\/\/www.ambienteyenergia.gob.ec\/ambiente\/wp-json\/wp\/v2\/users\/13"}],"replies":[{"embeddable":true,"href":"https:\/\/www.ambienteyenergia.gob.ec\/ambiente\/wp-json\/wp\/v2\/comments?post=25151"}],"version-history":[{"count":0,"href":"https:\/\/www.ambienteyenergia.gob.ec\/ambiente\/wp-json\/wp\/v2\/posts\/25151\/revisions"}],"wp:featuredmedia":[{"embeddable":true,"href":"https:\/\/www.ambienteyenergia.gob.ec\/ambiente\/wp-json\/wp\/v2\/media\/25152"}],"wp:attachment":[{"href":"https:\/\/www.ambienteyenergia.gob.ec\/ambiente\/wp-json\/wp\/v2\/media?parent=25151"}],"wp:term":[{"taxonomy":"category","embeddable":true,"href":"https:\/\/www.ambienteyenergia.gob.ec\/ambiente\/wp-json\/wp\/v2\/categories?post=25151"},{"taxonomy":"post_tag","embeddable":true,"href":"https:\/\/www.ambienteyenergia.gob.ec\/ambiente\/wp-json\/wp\/v2\/tags?post=25151"}],"curies":[{"name":"wp","href":"https:\/\/api.w.org\/{rel}","templated":true}]}}