{"id":25148,"date":"2015-04-28T18:07:30","date_gmt":"2015-04-28T23:07:30","guid":{"rendered":"http:\/\/www.ambiente.gob.ec\/?p=25148"},"modified":"2015-04-28T19:22:54","modified_gmt":"2015-04-29T00:22:54","slug":"ecuador-posiciono-a-nivel-mundial-sus-logros-en-materia-ambiental-y-su-vision-del-desarrollo-sostenible","status":"publish","type":"post","link":"https:\/\/www.ambienteyenergia.gob.ec\/ambiente\/ecuador-posiciono-a-nivel-mundial-sus-logros-en-materia-ambiental-y-su-vision-del-desarrollo-sostenible\/","title":{"rendered":"Ecuador posicion\u00f3 a nivel mundial sus logros en materia ambiental y su visi\u00f3n del desarrollo sostenible"},"content":{"rendered":"<p align=\"JUSTIFY\"><span style=\"font-family: Arial,serif;\"><span lang=\"es-ES\">El Presidente de la Rep\u00fablica, Ec. Rafael Correa, expuso la visi\u00f3n del Gobierno Nacional sobre el Desarrollo Sostenible y los hitos que ha alcanzado Ecuador en mitigaci\u00f3n del calentamiento global en\u00a0la Conferencia de Alto Nivel \u201cProteger la Tierra y Dignificar al Ser Humano\u201d, que se desarroll\u00f3 hoy en El Vaticano.<\/span><\/span><\/p>\n<p align=\"JUSTIFY\"><span style=\"font-family: Arial,serif;\"><span lang=\"es-ES\"><br \/>\nEl mandatario ecuatoriano acudi\u00f3 invitado a esta la cita, junto a la Ministra de Ambiente del Ecuador, Ab. Lorena Tapia, quien indic\u00f3 que la oportunidad de disertar en tan alto panel es un reconocimiento del mundo a los logros del pa\u00eds, en materia de protecci\u00f3n ambiental. <\/span><\/span><\/p>\n<p align=\"JUSTIFY\">\u201c<span style=\"font-family: Arial,serif;\"><span lang=\"es-ES\">Lleg\u00f3 nuevamente la hora en que el mundo nos pidi\u00f3 conocer las acciones que ejecuta Ecuador en la lucha contra el cambio clim\u00e1tico, modelo internacional de trabajo\u201d, dijo la Ministra.<\/span><\/span><\/p>\n<p align=\"JUSTIFY\"><span style=\"font-family: Arial,serif;\"><span lang=\"es-ES\">Cabe mencionar que las ponencias de la Conferencia servir\u00e1n como insumos de debate para la elaboraci\u00f3n de la Enc\u00edclica Papal sobre Cambio Clim\u00e1tico, \u00a0elaborada por la Santa Sede y la cual ser\u00e1 publicada en junio o julio del presente a\u00f1o. <\/span><\/span><\/p>\n<p align=\"JUSTIFY\"><a name=\"_GoBack\"><\/a> <span style=\"font-family: Arial,serif;\"><span lang=\"es-ES\">Una \u201cEnc\u00edclica Papal\u201d es un documento que indica una alta prioridad para un tema en un momento dado. Se utiliza para asuntos relevantes y es el segundo documento m\u00e1s importante emitido por los papas, despu\u00e9s de la Constituci\u00f3n Apost\u00f3lica. <\/span><\/span><\/p>\n<p align=\"JUSTIFY\"><span style=\"font-family: Arial,serif;\"><span lang=\"es-ES\">Esta iniciativa refleja la preocupaci\u00f3n del Papa Francisco por los efectos que el fen\u00f3meno del cambio clim\u00e1tico puede acarrear, especialmente, sobre las personas que viven en condiciones vulnerables. <\/span><\/span><\/p>\n<p align=\"JUSTIFY\"><span style=\"font-family: Arial,serif;\"><span lang=\"es-ES\">La jornada empez\u00f3 desde las 10:30 (hora de Italia) con el \u201cTaller de la Cumbre sobre la dimensi\u00f3n moral del Cambio Clim\u00e1tico\u201d, con la participaci\u00f3n de l\u00edderes mundiales como el Secretario General de Naciones Unidas, Ban Ki-Moon y el afamado economista ambiental, Jeffry Sachs, Director de la Red de Soluciones para el Desarrollo Sostenible de Naciones Unidas. <\/span><\/span><\/p>\n<p align=\"JUSTIFY\"><span style=\"font-family: Arial,serif;\"><span lang=\"es-ES\">Ban Ki- Moon, en el encuentro, resalt\u00f3 que: \u00abMitigar el cambio clim\u00e1tico y adaptarse a sus efectos es necesario para erradicar la extrema pobreza, reducir la desigualdad y garantizar un desarrollo econ\u00f3mico equitativo y sostenible\u00bb.<\/span><\/span><\/p>\n<p align=\"JUSTIFY\"><span style=\"font-family: Arial,serif;\"><span lang=\"es-ES\">Bajo la tem\u00e1tica \u201cJusticia Clim\u00e1tica y Desarrollo Sostenible en la Estructura del Estado Ecuatoriano\u201d, el Presidente Correa evidenci\u00f3 las importantes coincidencias que existen entre la visi\u00f3n Papal del desarrollo sostenible y la actual filosof\u00eda del Gobierno Nacional en esta misma materia.<\/span><\/span><\/p>\n<p align=\"JUSTIFY\"><span style=\"font-family: Arial,serif;\"><span lang=\"es-ES\">El mandatario expres\u00f3 su satisfacci\u00f3n por la organizaci\u00f3n de este tipo de reuniones de alto nivel, calific\u00e1ndola de \u201cgran inciativa\u201d.<\/span><\/span><\/p>\n<p align=\"JUSTIFY\"><span style=\"font-family: Arial,serif;\"><span lang=\"es-ES\">En esta materia, la Ministra de Ambiente, Lorena Tapia, ha resaltado en intervenciones anteriores, \u201cel cambio clim\u00e1tico es una de las mayores amenazas ambientales que enfrenta la humanidad y, el Ecuador, a pesar de no tener una responsabilidad hist\u00f3rica en la emisi\u00f3n de gases de efecto invernadero a la atm\u00f3sfera, trabaja arduamente para adoptar pol\u00edticas y medidas que contribuyen a reducir los niveles de concentraci\u00f3n de estos gases e incremenrtar los sumideros de carbono\u201d. <\/span><\/span><\/p>\n<p align=\"JUSTIFY\"><span style=\"font-family: Arial,serif;\"><span lang=\"es-ES\">Ecuador bajo esta normativa se posiciona como un pionero en temas ambientales y de desarrollo sostenible, al tiempo que mejora su posici\u00f3n para exigir acciones por parte de no s\u00f3lo pa\u00edses desarrollados, sino todo los pa\u00eds con influencias negativas al ambiente global.<\/span><\/span><\/p>\n<p align=\"JUSTIFY\"><span style=\"font-family: Arial,serif;\"><span lang=\"es-ES\">Es as\u00ed, que las acciones del Estado Ecuatoriano, lideras por el Ministerio del Ambiente, fortalecen la implementaci\u00f3n de medidas tanto de mitigaci\u00f3n como de adaptaci\u00f3n en coordinaci\u00f3n intersectorial, interinstitucional y lineamientos para la inclusi\u00f3n de consideraciones de cambio clim\u00e1tico en la planificaci\u00f3n territorial. <\/span><\/span><\/p>\n<p align=\"JUSTIFY\"><span style=\"font-family: Arial,serif;\"><span lang=\"es-ES\">El trabajo desarrollado en el pa\u00eds en materia de mitigaci\u00f3n, aborda esfuerzos importantes bajo el Programa Nacional de Reducci\u00f3n de emisiones por Deforestaci\u00f3n y Degradaci\u00f3n Forestal (REDD+), el desarrollo de centrales hidroel\u00e9ctricas como parte del plan maestro de electrificaci\u00f3n, la sustituci\u00f3n del gas licuado de petr\u00f3leo (GLP) por electricidad con cocinas de inducci\u00f3n, la generaci\u00f3n de pol\u00edticas para la gesti\u00f3n integral de residuos s\u00f3lidos en su generaci\u00f3n de energ\u00eda, y la modernizaci\u00f3n de la eficiencia energ\u00e9tica en el sector transporte. <\/span><\/span><\/p>\n<p align=\"JUSTIFY\"><span style=\"font-family: Arial,serif;\"><span lang=\"es-ES\">En el mismo viaje, la Ministra Tapia asisti\u00f3 a una Audiencia Privada con su Santidad, el Papa Francisco, liderada por el Presidente Ecuatoriano, Ec. Rafael Correa.<\/span><\/span><\/p>\n<p align=\"JUSTIFY\"><span style=\"font-family: Arial,serif;\"><span lang=\"es-ES\">A su regreso, la Ministra brindar\u00e1 m\u00e1s detalles de su visita a El Vaticano.<\/span><\/span><\/p>\n","protected":false},"excerpt":{"rendered":"<p class=\"excerpt\">El Presidente de la Rep\u00fablica, Ec. Rafael Correa, expuso la visi\u00f3n del Gobierno Nacional sobre el Desarrollo Sostenible y los hitos que ha alcanzado Ecuador en mitigaci\u00f3n del calentamiento global en\u00a0la Conferencia de Alto Nivel \u201cProteger la Tierra y Dignificar al Ser Humano\u201d, que se desarroll\u00f3 hoy en El Vaticano. El mandatario ecuatoriano acudi\u00f3 invitado a esta la cita, junto&hellip; <a href=\"https:\/\/www.ambienteyenergia.gob.ec\/ambiente\/ecuador-posiciono-a-nivel-mundial-sus-logros-en-materia-ambiental-y-su-vision-del-desarrollo-sostenible\/\">Read more &rarr;<\/a><\/p>\n","protected":false},"author":13,"featured_media":24924,"comment_status":"open","ping_status":"open","sticky":false,"template":"","format":"standard","meta":{"footnotes":""},"categories":[16,4],"tags":[133,108,53,140,734],"class_list":["post-25148","post","type-post","status-publish","format-standard","has-post-thumbnail","hentry","category-comunicamos","category-noticias","tag-cambio-climatico","tag-lorena-tapia","tag-mae","tag-rafael-correa","tag-vaticano","xfolkentry"],"_links":{"self":[{"href":"https:\/\/www.ambienteyenergia.gob.ec\/ambiente\/wp-json\/wp\/v2\/posts\/25148","targetHints":{"allow":["GET"]}}],"collection":[{"href":"https:\/\/www.ambienteyenergia.gob.ec\/ambiente\/wp-json\/wp\/v2\/posts"}],"about":[{"href":"https:\/\/www.ambienteyenergia.gob.ec\/ambiente\/wp-json\/wp\/v2\/types\/post"}],"author":[{"embeddable":true,"href":"https:\/\/www.ambienteyenergia.gob.ec\/ambiente\/wp-json\/wp\/v2\/users\/13"}],"replies":[{"embeddable":true,"href":"https:\/\/www.ambienteyenergia.gob.ec\/ambiente\/wp-json\/wp\/v2\/comments?post=25148"}],"version-history":[{"count":0,"href":"https:\/\/www.ambienteyenergia.gob.ec\/ambiente\/wp-json\/wp\/v2\/posts\/25148\/revisions"}],"wp:featuredmedia":[{"embeddable":true,"href":"https:\/\/www.ambienteyenergia.gob.ec\/ambiente\/wp-json\/wp\/v2\/media\/24924"}],"wp:attachment":[{"href":"https:\/\/www.ambienteyenergia.gob.ec\/ambiente\/wp-json\/wp\/v2\/media?parent=25148"}],"wp:term":[{"taxonomy":"category","embeddable":true,"href":"https:\/\/www.ambienteyenergia.gob.ec\/ambiente\/wp-json\/wp\/v2\/categories?post=25148"},{"taxonomy":"post_tag","embeddable":true,"href":"https:\/\/www.ambienteyenergia.gob.ec\/ambiente\/wp-json\/wp\/v2\/tags?post=25148"}],"curies":[{"name":"wp","href":"https:\/\/api.w.org\/{rel}","templated":true}]}}