{"id":25143,"date":"2015-04-28T08:51:25","date_gmt":"2015-04-28T13:51:25","guid":{"rendered":"http:\/\/www.ambiente.gob.ec\/?p=25143"},"modified":"2015-04-29T16:49:14","modified_gmt":"2015-04-29T21:49:14","slug":"acciones-lideradas-por-el-mae-para-contrarrestar-el-cambio-climatico-en-ecuador","status":"publish","type":"post","link":"https:\/\/www.ambienteyenergia.gob.ec\/ambiente\/acciones-lideradas-por-el-mae-para-contrarrestar-el-cambio-climatico-en-ecuador\/","title":{"rendered":"Acciones lideradas por el MAE para contrarrestar el cambio clim\u00e1tico en Ecuador"},"content":{"rendered":"<p style=\"text-align: justify;\">El actual Gobierno fue el primero en la historia del pa\u00eds, en reconocer al cambio clim\u00e1tico como un fen\u00f3meno que conlleva riesgos al desarrollo econ\u00f3mico, social y ambiental del pa\u00eds. Por ello, el Ministerio del Ambiente del Ecuador (MAE), a trav\u00e9s de la Subsecretar\u00eda de Cambio Clim\u00e1tico, trabaja de manera coordinada con otras instituciones para apuntalar procesos de desarrollo sostenible, mediante proyectos e iniciativas integrales en temas como el manejo de cuencas hidrogr\u00e1ficas, el monitoreo de glaciares, restauraci\u00f3n de p\u00e1ramos, recuperaci\u00f3n de pr\u00e1cticas ancestrales para la gesti\u00f3n de recursos h\u00eddricos, fomento de pr\u00e1cticas agr\u00edcolas resilientes al clima, programas para la reducci\u00f3n de las emisiones por deforestaci\u00f3n, o mecanismos de desarrollo limpio, entre otros.<\/p>\n<p style=\"text-align: justify;\">Esta Cartera de Estado desde hace tres a\u00f1os de gesti\u00f3n ha implementado varios proyectos dirigidos a sectores espec\u00edficos identificados como vulnerables frente a los impactos del cambio clim\u00e1tico a nivel nacional. En este sentido, se puede resaltar actividades de adaptaci\u00f3n y mitigaci\u00f3n al cambio clim\u00e1tico.<\/p>\n<p style=\"text-align: justify;\">Entendi\u00e9ndose como <strong>ADAPTACI\u00d3N<\/strong> las actividades enfocadas a reducir la vulnerabilidad social, econ\u00f3mica y ambiental frente al impacto de cambio clim\u00e1tico y <strong>MITIGACI\u00d3N como <\/strong>las actividades enfocadas a incrementar los esfuerzos para la reducci\u00f3n de emisiones de gases de efecto invernadero (GEI) y potencializaci\u00f3n de los sumideros.<\/p>\n<p style=\"text-align: justify;\">Proyectos como el de Adaptaci\u00f3n al Cambio Clim\u00e1tico a trav\u00e9s de una Efectiva Gobernabilidad del Agua en Ecuador \u2013 PACC, han beneficiado a 116 comunidades, el 90% de los beneficiarios aplican pr\u00e1cticas de ahorro de agua y de gesti\u00f3n integrada de cuencas hidrogr\u00e1ficas con un total aproximado de 22.224 personas beneficiarias. Estas comunidades est\u00e1n ubicadas en las provincias de Azuay, Ca\u00f1ar, Loja, Manab\u00ed, Morona Santiago, Bol\u00edvar, Los R\u00edos y El Oro.<\/p>\n<p style=\"text-align: justify;\">Asimismo, uno de los proyectos que ya concluy\u00f3 su fase de ejecuci\u00f3n, Adaptaci\u00f3n al Impacto del Retroceso Acelerado de los Glaciares en los Andes Tropicales- PRAA ,dej\u00f3 importantes lecciones positivas que pueden ser replicadas en otros sectores de caracter\u00edsticas similares como la zona de Papallacta, d\u00f3nde se implementaron buenas pr\u00e1cticas para el manejo adaptativo del sistema pecuario y la conservaci\u00f3n del ecosistema p\u00e1ramo, t\u00e9cnicas alternativas de forester\u00eda, agroforester\u00eda an\u00e1loga y agroecolog\u00eda, incluyendo el desarrollo de huertos y microinvernaderos comunitarios a escala familiar, entre otras.<\/p>\n<p style=\"text-align: justify;\">Actualmente, se esta desarrollando el proyecto Fortalecimiento de la resiliencia de las comunidades ante los efectos adversos del cambio clim\u00e1tico con \u00e9nfasis en seguridad alimentaria en la cuenca del R\u00edo Jubones y Provincia de Pichincha- FORECCSA , el cual promueve la adaptaci\u00f3n al cambio clim\u00e1tico en zonas rurales del Ecuador con miras a fortalecer la capacidad adaptativa de las comunidades con alto nivel de inseguridad alimentaria, medidas como: protecci\u00f3n de fuentes de agua y optimizaci\u00f3n del riego para garantizar la seguridad alimentaria en comunidades de alta vulnerabilidad a la sequ\u00eda y la\u00a0\u00a0 implementaci\u00f3n de buenas pr\u00e1cticas ambientales en la producci\u00f3n agropecuaria frente a la alta vulnerabilidad a las heladas son algunas de las practicas que implementa el proyecto.<\/p>\n<p style=\"text-align: justify;\">Actualmentes, se estan implementando medidas y acciones enfocadas en el manejo sostenible de la tierra para combatir la desertificaci\u00f3n y la degradaci\u00f3n, mitigar los efectos de la sequ\u00eda y fomentar la adaptaci\u00f3n al cambio clim\u00e1tico. Estas medidas buscan la conservaci\u00f3n del recurso suelo y agua, especialmente, y de esta manera fomentar el desarrollo sostenible de los ecosistemas, con enfoque de equidad de g\u00e9nero e interculturalidad, en las zonas m\u00e1s afectadas y fr\u00e1giles del pa\u00eds.<\/p>\n<p style=\"text-align: justify;\">En el marco del Cambio de la Matriz Energ\u00e9tica, Ecuador, contempla expandir la generaci\u00f3n de energ\u00eda hidroel\u00e9ctrica, representando importantes inversiones por parte del Estado ecuatoriano. El cambio clim\u00e1tico representa un importante factor de an\u00e1lisis que influye en estos procesos por las posibles variaciones e impactos en los sistemas h\u00eddricos, es por esta raz\u00f3n que se propuso el proyecto: An\u00e1lisis de la vulnerabilidad de las centrales hidroel\u00e9ctricas ante los efectos del cambio clim\u00e1tico en siete subcuencas hidrogr\u00e1ficas del Ecuador \u2013CHECC, cuyo objetivo principal es: analizar la vulnerabilidad ante el cambio clim\u00e1tico de ocho centrales hidroel\u00e9ctricas y una multiprop\u00f3sito; y, proponer medidas a nivel de cuencas hidrogr\u00e1ficas que puedan adoptarse para minimizar eventuales reducciones de producci\u00f3n hidroel\u00e9ctrica.<\/p>\n<p style=\"text-align: justify;\"><strong>Plan Nacional de Cambio Clim\u00e1tico<\/strong><\/p>\n<p style=\"text-align: justify;\">Actualmente se est\u00e1 trabajando en el Plan Nacional de Cambio Clim\u00e1tico (PNCC), \u00e9ste tiene como obejtivo apoyar el cambio de la matriz energ\u00e9tica y productiva del pa\u00eds y de esta manera contrubuir para la reducci\u00f3n de la pobreza. Cabe indicar que el plan es de alcance nacional y los beneficiarios son actores p\u00fablicos, privados, academia y sociedad en general.<\/p>\n<p style=\"text-align: justify;\">Este plan ser\u00e1 actualizado anualmente bajo el acomp\u00f1amiento de la Subsecretar\u00eda de Cambio Clim\u00e1tico y coordinar\u00e1 acciones con el resto de Carteras de Estado para implementar las medidas que hayan sido identificadas.<\/p>\n<p style=\"text-align: justify;\"><strong>El dato<\/strong><\/p>\n<p style=\"text-align: justify;\">Cabe indicar que Ecuador es marginal en emisiones de Gases de Efecto Invernadero (GEI), sin embargo, se ha comprometido a realizar acciones para enfrentar este problema global con el cambio de matriz energ\u00e9tica, conservando bosques, reduciendo la deforestaci\u00f3n y promoviendo consumo responsable y sostenible.<\/p>\n<p style=\"text-align: justify;\"><a href=\"http:\/\/www.ambienteyenergia.gob.ec\/ambiente\/wp-content\/uploads\/2015\/04\/C_C.jpg\"><img loading=\"lazy\" decoding=\"async\" class=\"aligncenter size-full wp-image-25159\" src=\"http:\/\/www.ambienteyenergia.gob.ec\/ambiente\/wp-content\/uploads\/2015\/04\/C_C.jpg\" alt=\"C_C\" width=\"800\" height=\"600\" \/><\/a><\/p>\n","protected":false},"excerpt":{"rendered":"<p class=\"excerpt\">El actual Gobierno fue el primero en la historia del pa\u00eds, en reconocer al cambio clim\u00e1tico como un fen\u00f3meno que conlleva riesgos al desarrollo econ\u00f3mico, social y ambiental del pa\u00eds. Por ello, el Ministerio del Ambiente del Ecuador (MAE), a trav\u00e9s de la Subsecretar\u00eda de Cambio Clim\u00e1tico, trabaja de manera coordinada con otras instituciones para apuntalar procesos de desarrollo sostenible,&hellip; <a href=\"https:\/\/www.ambienteyenergia.gob.ec\/ambiente\/acciones-lideradas-por-el-mae-para-contrarrestar-el-cambio-climatico-en-ecuador\/\">Read more &rarr;<\/a><\/p>\n","protected":false},"author":13,"featured_media":24924,"comment_status":"open","ping_status":"open","sticky":false,"template":"","format":"standard","meta":{"footnotes":""},"categories":[16,4],"tags":[],"class_list":["post-25143","post","type-post","status-publish","format-standard","has-post-thumbnail","hentry","category-comunicamos","category-noticias","xfolkentry"],"_links":{"self":[{"href":"https:\/\/www.ambienteyenergia.gob.ec\/ambiente\/wp-json\/wp\/v2\/posts\/25143","targetHints":{"allow":["GET"]}}],"collection":[{"href":"https:\/\/www.ambienteyenergia.gob.ec\/ambiente\/wp-json\/wp\/v2\/posts"}],"about":[{"href":"https:\/\/www.ambienteyenergia.gob.ec\/ambiente\/wp-json\/wp\/v2\/types\/post"}],"author":[{"embeddable":true,"href":"https:\/\/www.ambienteyenergia.gob.ec\/ambiente\/wp-json\/wp\/v2\/users\/13"}],"replies":[{"embeddable":true,"href":"https:\/\/www.ambienteyenergia.gob.ec\/ambiente\/wp-json\/wp\/v2\/comments?post=25143"}],"version-history":[{"count":0,"href":"https:\/\/www.ambienteyenergia.gob.ec\/ambiente\/wp-json\/wp\/v2\/posts\/25143\/revisions"}],"wp:featuredmedia":[{"embeddable":true,"href":"https:\/\/www.ambienteyenergia.gob.ec\/ambiente\/wp-json\/wp\/v2\/media\/24924"}],"wp:attachment":[{"href":"https:\/\/www.ambienteyenergia.gob.ec\/ambiente\/wp-json\/wp\/v2\/media?parent=25143"}],"wp:term":[{"taxonomy":"category","embeddable":true,"href":"https:\/\/www.ambienteyenergia.gob.ec\/ambiente\/wp-json\/wp\/v2\/categories?post=25143"},{"taxonomy":"post_tag","embeddable":true,"href":"https:\/\/www.ambienteyenergia.gob.ec\/ambiente\/wp-json\/wp\/v2\/tags?post=25143"}],"curies":[{"name":"wp","href":"https:\/\/api.w.org\/{rel}","templated":true}]}}