{"id":25134,"date":"2015-04-27T14:08:51","date_gmt":"2015-04-27T19:08:51","guid":{"rendered":"http:\/\/www.ambiente.gob.ec\/?p=25134"},"modified":"2015-04-27T14:08:51","modified_gmt":"2015-04-27T19:08:51","slug":"mae-presenta-el-portal-web-de-areas-protegidas","status":"publish","type":"post","link":"https:\/\/www.ambienteyenergia.gob.ec\/ambiente\/mae-presenta-el-portal-web-de-areas-protegidas\/","title":{"rendered":"MAE presenta el portal web de \u00e1reas protegidas"},"content":{"rendered":"<p>En el marco de la Conferencia Internacional de Ecoturismo y Turismo Sostenible, el Ministerio del Ambiente con el apoyo del Programa de las Naciones Unidas para el Desarrollo y el Fondo para el Medio Ambiente Mundial, realizar\u00e1n ma\u00f1ana, a partir de las 12:00 en el Palacio de Cristal del Parque itchimb\u00eda, el lanzamiento oficial del portal web del Sistema Nacional de \u00c1reas Protegidas del Ecuador.<\/p>\n<p>Esta herramienta comunicacional permitir\u00e1 la promoci\u00f3n y visibilizaci\u00f3n de la gesti\u00f3n del Estado ecuatoriano para la conservaci\u00f3n de estos espacios biodiversos.<\/p>\n<p>Su contenido se basa en la Gu\u00eda Oficial de \u00c1reas Naturales del Ecuador, en la que se puede encontrar aspectos informativos, audiovisuales, documentos y estudios para la investigaci\u00f3n.<\/p>\n<p>El portal web fue creado con el objetivo de desarrollar un portal web integral como instrumento inform\u00e1tico que permita la gesti\u00f3n de la informaci\u00f3n, f\u00e1cil manejo y posicionamiento del Sistema Nacional de \u00c1reas Protegidas en los diversos p\u00fablicos de inter\u00e9s, permitiendo al turista acercarse m\u00e1s a las \u00e1reas protegidas.<\/p>\n<p>El Ministerio del Ambiente como rector de las \u00e1reas protegidas fue invitado a participar como actor estrat\u00e9gico en la Conferencia internacional que re\u00fane a m\u00e1s de 500 participantes nacionales e internacionales del sector tur\u00edstico sostenible, asociados a las siguientes actividades: operadores tur\u00edsticos, hoteles y similares, servicios tur\u00edsticos, medios de comunicaci\u00f3n, organizaci\u00f3n de promoci\u00f3n del destino, organizaciones de gobierno, organizaciones no gubernamentales y la academia. El evento se desarrollar\u00e1 en Quito, del 27 al 30 de abril de 2015<\/p>\n<p>Este evento es organizado por The Ecotourism Society tiene como finalidad generar un espacio para el aprendizaje, enlace de oportunidades innovadoras, promoci\u00f3n de pol\u00edticas y buenas pr\u00e1cticas de los beneficios que se genera en el sector tur\u00edstico.<\/p>\n","protected":false},"excerpt":{"rendered":"<p class=\"excerpt\">En el marco de la Conferencia Internacional de Ecoturismo y Turismo Sostenible, el Ministerio del Ambiente con el apoyo del Programa de las Naciones Unidas para el Desarrollo y el Fondo para el Medio Ambiente Mundial, realizar\u00e1n ma\u00f1ana, a partir de las 12:00 en el Palacio de Cristal del Parque itchimb\u00eda, el lanzamiento oficial del portal web del Sistema Nacional&hellip; <a href=\"https:\/\/www.ambienteyenergia.gob.ec\/ambiente\/mae-presenta-el-portal-web-de-areas-protegidas\/\">Read more &rarr;<\/a><\/p>\n","protected":false},"author":13,"featured_media":25136,"comment_status":"open","ping_status":"open","sticky":false,"template":"","format":"standard","meta":{"footnotes":""},"categories":[16,4],"tags":[],"class_list":["post-25134","post","type-post","status-publish","format-standard","has-post-thumbnail","hentry","category-comunicamos","category-noticias","xfolkentry"],"_links":{"self":[{"href":"https:\/\/www.ambienteyenergia.gob.ec\/ambiente\/wp-json\/wp\/v2\/posts\/25134","targetHints":{"allow":["GET"]}}],"collection":[{"href":"https:\/\/www.ambienteyenergia.gob.ec\/ambiente\/wp-json\/wp\/v2\/posts"}],"about":[{"href":"https:\/\/www.ambienteyenergia.gob.ec\/ambiente\/wp-json\/wp\/v2\/types\/post"}],"author":[{"embeddable":true,"href":"https:\/\/www.ambienteyenergia.gob.ec\/ambiente\/wp-json\/wp\/v2\/users\/13"}],"replies":[{"embeddable":true,"href":"https:\/\/www.ambienteyenergia.gob.ec\/ambiente\/wp-json\/wp\/v2\/comments?post=25134"}],"version-history":[{"count":0,"href":"https:\/\/www.ambienteyenergia.gob.ec\/ambiente\/wp-json\/wp\/v2\/posts\/25134\/revisions"}],"wp:featuredmedia":[{"embeddable":true,"href":"https:\/\/www.ambienteyenergia.gob.ec\/ambiente\/wp-json\/wp\/v2\/media\/25136"}],"wp:attachment":[{"href":"https:\/\/www.ambienteyenergia.gob.ec\/ambiente\/wp-json\/wp\/v2\/media?parent=25134"}],"wp:term":[{"taxonomy":"category","embeddable":true,"href":"https:\/\/www.ambienteyenergia.gob.ec\/ambiente\/wp-json\/wp\/v2\/categories?post=25134"},{"taxonomy":"post_tag","embeddable":true,"href":"https:\/\/www.ambienteyenergia.gob.ec\/ambiente\/wp-json\/wp\/v2\/tags?post=25134"}],"curies":[{"name":"wp","href":"https:\/\/api.w.org\/{rel}","templated":true}]}}