{"id":25128,"date":"2015-04-27T08:48:49","date_gmt":"2015-04-27T13:48:49","guid":{"rendered":"http:\/\/www.ambiente.gob.ec\/?p=25128"},"modified":"2015-04-27T08:48:49","modified_gmt":"2015-04-27T13:48:49","slug":"mae-socializa-fichas-ambientales-y-planes-de-manejo-de-isla-santay","status":"publish","type":"post","link":"https:\/\/www.ambienteyenergia.gob.ec\/ambiente\/mae-socializa-fichas-ambientales-y-planes-de-manejo-de-isla-santay\/","title":{"rendered":"MAE socializa fichas ambientales y planes de manejo de Isla Santay"},"content":{"rendered":"<p class=\"western\"><span style=\"font-family: Calibri,sans-serif;\"><span style=\"font-size: medium;\">En las instalaciones del Edificio del Gobierno Zonal de Guayaquil se llev\u00f3 a cabo la socializaci\u00f3n del borrador de las Fichas Ambientales y Planes de Manejo de la Operaci\u00f3n y Mantenimiento de obras ejecutadas en la Isla Santay.<\/span><\/span><\/p>\n<p class=\"western\"><span style=\"font-family: Calibri,sans-serif;\"><span style=\"font-size: medium;\">Esta socializaci\u00f3n se enmarca dentro de lo que establece el Decreto Ejecutivo 1040 y a lo dispuesto en los Art. 31 y 32 del Acuerdo Ministerial No. 066.<\/span><\/span><\/p>\n<p class=\"western\"><span style=\"font-family: Calibri,sans-serif;\"><span style=\"font-size: medium;\">Por medio de este evento se logr\u00f3 integrar de manera positiva a los principales actores sociales del \u00e1rea de influencia, con el objetivo de crear una relaci\u00f3n din\u00e1mica que permita articular las medidas propuestas dentro del Plan de Manejo.<\/span><\/span><\/p>\n<p class=\"western\"><span style=\"font-family: Calibri,sans-serif;\"><span style=\"font-size: medium;\">A esta actividad asistieron los principales actores del \u00e1rea de influencia, es decir habitantes de la Isla Santay, guardaparques, representantes de la comuna y cooperativa de la Isla y representantes de las empresas e instituciones aleda\u00f1as. As\u00ed como tambi\u00e9n del Cuerpo de Bomberos, Polic\u00eda Nacional y funcionarios del Ministerio del Ambiente.<\/span><\/span><\/p>\n<p class=\"western\"><span style=\"font-family: Calibri,sans-serif;\"><span style=\"font-size: medium;\">En esta Reuni\u00f3n Informativa, se acogieron todos los comentarios, criterios y observaciones vertidos durante el desarrollo del evento.<\/span><\/span><\/p>\n<p class=\"western\"><span style=\"font-family: Calibri,sans-serif;\"><span style=\"font-size: medium;\">Esta Cartera de Estado, a trav\u00e9s de la Subsecretaria de Gesti\u00f3n Marino Costera, cumple as\u00ed con lo establecido en la ley y deja precedente de que la conservaci\u00f3n del ambiente es una tarea en conjunto que se debe articular con ayuda de todos los actores sociales del \u00e1rea de influencia.\/gr-ds<\/span><\/span><\/p>\n","protected":false},"excerpt":{"rendered":"<p class=\"excerpt\">En las instalaciones del Edificio del Gobierno Zonal de Guayaquil se llev\u00f3 a cabo la socializaci\u00f3n del borrador de las Fichas Ambientales y Planes de Manejo de la Operaci\u00f3n y Mantenimiento de obras ejecutadas en la Isla Santay. Esta socializaci\u00f3n se enmarca dentro de lo que establece el Decreto Ejecutivo 1040 y a lo dispuesto en los Art. 31 y&hellip; <a href=\"https:\/\/www.ambienteyenergia.gob.ec\/ambiente\/mae-socializa-fichas-ambientales-y-planes-de-manejo-de-isla-santay\/\">Read more &rarr;<\/a><\/p>\n","protected":false},"author":13,"featured_media":25129,"comment_status":"open","ping_status":"open","sticky":false,"template":"","format":"standard","meta":{"footnotes":""},"categories":[16,4],"tags":[374,108,53,733,731,732],"class_list":["post-25128","post","type-post","status-publish","format-standard","has-post-thumbnail","hentry","category-comunicamos","category-noticias","tag-isla-santay","tag-lorena-tapia","tag-mae","tag-patrimonio","tag-plan-de-manejo","tag-sgmc","xfolkentry"],"_links":{"self":[{"href":"https:\/\/www.ambienteyenergia.gob.ec\/ambiente\/wp-json\/wp\/v2\/posts\/25128","targetHints":{"allow":["GET"]}}],"collection":[{"href":"https:\/\/www.ambienteyenergia.gob.ec\/ambiente\/wp-json\/wp\/v2\/posts"}],"about":[{"href":"https:\/\/www.ambienteyenergia.gob.ec\/ambiente\/wp-json\/wp\/v2\/types\/post"}],"author":[{"embeddable":true,"href":"https:\/\/www.ambienteyenergia.gob.ec\/ambiente\/wp-json\/wp\/v2\/users\/13"}],"replies":[{"embeddable":true,"href":"https:\/\/www.ambienteyenergia.gob.ec\/ambiente\/wp-json\/wp\/v2\/comments?post=25128"}],"version-history":[{"count":0,"href":"https:\/\/www.ambienteyenergia.gob.ec\/ambiente\/wp-json\/wp\/v2\/posts\/25128\/revisions"}],"wp:featuredmedia":[{"embeddable":true,"href":"https:\/\/www.ambienteyenergia.gob.ec\/ambiente\/wp-json\/wp\/v2\/media\/25129"}],"wp:attachment":[{"href":"https:\/\/www.ambienteyenergia.gob.ec\/ambiente\/wp-json\/wp\/v2\/media?parent=25128"}],"wp:term":[{"taxonomy":"category","embeddable":true,"href":"https:\/\/www.ambienteyenergia.gob.ec\/ambiente\/wp-json\/wp\/v2\/categories?post=25128"},{"taxonomy":"post_tag","embeddable":true,"href":"https:\/\/www.ambienteyenergia.gob.ec\/ambiente\/wp-json\/wp\/v2\/tags?post=25128"}],"curies":[{"name":"wp","href":"https:\/\/api.w.org\/{rel}","templated":true}]}}