{"id":25123,"date":"2015-04-24T17:49:39","date_gmt":"2015-04-24T22:49:39","guid":{"rendered":"http:\/\/www.ambiente.gob.ec\/?p=25123"},"modified":"2015-04-24T17:52:28","modified_gmt":"2015-04-24T22:52:28","slug":"mae-realizo-taller-dirigido-a-instituciones-gubernamentales-para-la-construccion-de-namas","status":"publish","type":"post","link":"https:\/\/www.ambienteyenergia.gob.ec\/ambiente\/mae-realizo-taller-dirigido-a-instituciones-gubernamentales-para-la-construccion-de-namas\/","title":{"rendered":"MAE realiz\u00f3 taller dirigido a instituciones gubernamentales para la construcci\u00f3n de NAMA&#8217;s"},"content":{"rendered":"<p align=\"JUSTIFY\"><span style=\"font-family: Calibri,sans-serif;\">El Ministerio del Ambiente, a trav\u00e9s de la Subsecretar\u00eda de Cambio Clim\u00e1tico, como unidad responsable del Proyecto Tercera Comunicaci\u00f3n Nacional sobre Cambio Clim\u00e1tico y Primer Informe de Actualizaci\u00f3n Bienal (TCN\/BUR), y con el apoyo del Programa de las Naciones Unidas para el Desarrollo (PNUD), como agencia implementadora del Fondo para el Medio Ambiente Mundial, se realiz\u00f3 el \u201cTaller para construcci\u00f3n de la institucionalidad de Acciones Nacionales de Mitigaci\u00f3n Apropiadas (NAMA&#8217;s por sus siglas en ingl\u00e9s) en Ecuador y priorizaci\u00f3n de iniciativas\u201d.<\/span><\/p>\n<p align=\"JUSTIFY\"><span style=\"font-family: Calibri,sans-serif;\">La finalidad el este evento fue reflexionar acerca de la transversalizaci\u00f3n del cambio clim\u00e1tico, y la necesidad de debatir con actores involucrados en el desarrollo e implementaci\u00f3n de iniciativas de mitigaci\u00f3n.<\/span><\/p>\n<p align=\"JUSTIFY\"><span style=\"font-family: Calibri,sans-serif;\">El Taller reuni\u00f3 a representantes de instituciones p\u00fablicas como: Secretar\u00eda Nacional de Planificaci\u00f3n y Desarrollo (SENPLADES), Ministerio de Agricultura, Ganader\u00eda, Acuacultura y Pesca (MAGAP), Instituto Nacional de Investigaciones Agropecuarias (INIAP) y PETROAMAZONAS, con el objetivo de generar un espacio para recopilar las diferentes visiones que tienen estas instituciones sobre estas medidas. De esta manera se busca construir un producto incluyente y aplicable a la realidad nacional.<\/span><\/p>\n<p align=\"JUSTIFY\"><span style=\"font-family: Calibri,sans-serif;\">El debate generado entre los asistentes, permiti\u00f3 afinar la propuesta sobre el marco institucional, adem\u00e1s, se espera entregar un portafolio de iniciativas NAMA&#8217;s que sea impulsado desde el Ministerio del Ambiente.<\/span><\/p>\n<p align=\"JUSTIFY\"><span style=\"font-family: Calibri,sans-serif;\">Cabe destacar que el Gobierno del Ecuador ha declarado a la mitigaci\u00f3n y adaptaci\u00f3n al cambio clim\u00e1tico como pol\u00edtica de Estado, pues estas medidas constituyen acciones sectoriales para la reducci\u00f3n de emisiones de gases efecto invernadero.<\/span><\/p>\n<p align=\"JUSTIFY\"><span style=\"font-family: Calibri,sans-serif;\">Adem\u00e1s esta iniciativa busca generar oportunidades de asistencia internacional que permita una efectiva implementaci\u00f3n de estas medidas.\/em-ds<\/span><\/p>\n<p align=\"JUSTIFY\"><strong><span style=\"font-family: Calibri,sans-serif;\">Datos de inter\u00e9s<\/span><\/strong><\/p>\n<ul>\n<li>\n<p align=\"JUSTIFY\"><span style=\"font-family: Calibri,sans-serif;\">El Ecuador, como parte de la Convenci\u00f3n Marco de Naciones Unidas sobre el Cambio Clim\u00e1tico (CMNUCC) ha ratificado el Protocolo de Kioto en 1999 como Pa\u00eds No-Anexo I (PNAI), y desarrolla un marco normativo e institucional con fundamentos en la Constituci\u00f3n de la Rep\u00fablica Ecuador (2008).<\/span><\/p>\n<\/li>\n<li>\n<p align=\"JUSTIFY\"><span style=\"font-family: Calibri,sans-serif;\">El MAE actualmente lidera el Proyecto Tercera Comunicaci\u00f3n Nacional sobre Cambio Clim\u00e1tico \u2013TCN\/BUR\u2013, el cual se enmarca en el cumplimiento de los compromisos adquiridos por el pa\u00eds ante la CMNUCC, la finalidad de este proyecto es operativizar el financiamiento de actividades en apoyo al fortalecimiento de la capacidad humana e institucional referente al cambio clim\u00e1tico.<\/span><\/p>\n<\/li>\n<\/ul>\n","protected":false},"excerpt":{"rendered":"<p class=\"excerpt\">El Ministerio del Ambiente, a trav\u00e9s de la Subsecretar\u00eda de Cambio Clim\u00e1tico, como unidad responsable del Proyecto Tercera Comunicaci\u00f3n Nacional sobre Cambio Clim\u00e1tico y Primer Informe de Actualizaci\u00f3n Bienal (TCN\/BUR), y con el apoyo del Programa de las Naciones Unidas para el Desarrollo (PNUD), como agencia implementadora del Fondo para el Medio Ambiente Mundial, se realiz\u00f3 el \u201cTaller para construcci\u00f3n&hellip; <a href=\"https:\/\/www.ambienteyenergia.gob.ec\/ambiente\/mae-realizo-taller-dirigido-a-instituciones-gubernamentales-para-la-construccion-de-namas\/\">Read more &rarr;<\/a><\/p>\n","protected":false},"author":13,"featured_media":25124,"comment_status":"open","ping_status":"open","sticky":false,"template":"","format":"standard","meta":{"footnotes":""},"categories":[16,4],"tags":[133,108,53,591,674],"class_list":["post-25123","post","type-post","status-publish","format-standard","has-post-thumbnail","hentry","category-comunicamos","category-noticias","tag-cambio-climatico","tag-lorena-tapia","tag-mae","tag-namas","tag-taller","xfolkentry"],"_links":{"self":[{"href":"https:\/\/www.ambienteyenergia.gob.ec\/ambiente\/wp-json\/wp\/v2\/posts\/25123","targetHints":{"allow":["GET"]}}],"collection":[{"href":"https:\/\/www.ambienteyenergia.gob.ec\/ambiente\/wp-json\/wp\/v2\/posts"}],"about":[{"href":"https:\/\/www.ambienteyenergia.gob.ec\/ambiente\/wp-json\/wp\/v2\/types\/post"}],"author":[{"embeddable":true,"href":"https:\/\/www.ambienteyenergia.gob.ec\/ambiente\/wp-json\/wp\/v2\/users\/13"}],"replies":[{"embeddable":true,"href":"https:\/\/www.ambienteyenergia.gob.ec\/ambiente\/wp-json\/wp\/v2\/comments?post=25123"}],"version-history":[{"count":0,"href":"https:\/\/www.ambienteyenergia.gob.ec\/ambiente\/wp-json\/wp\/v2\/posts\/25123\/revisions"}],"wp:featuredmedia":[{"embeddable":true,"href":"https:\/\/www.ambienteyenergia.gob.ec\/ambiente\/wp-json\/wp\/v2\/media\/25124"}],"wp:attachment":[{"href":"https:\/\/www.ambienteyenergia.gob.ec\/ambiente\/wp-json\/wp\/v2\/media?parent=25123"}],"wp:term":[{"taxonomy":"category","embeddable":true,"href":"https:\/\/www.ambienteyenergia.gob.ec\/ambiente\/wp-json\/wp\/v2\/categories?post=25123"},{"taxonomy":"post_tag","embeddable":true,"href":"https:\/\/www.ambienteyenergia.gob.ec\/ambiente\/wp-json\/wp\/v2\/tags?post=25123"}],"curies":[{"name":"wp","href":"https:\/\/api.w.org\/{rel}","templated":true}]}}