{"id":25111,"date":"2015-04-24T16:19:20","date_gmt":"2015-04-24T21:19:20","guid":{"rendered":"http:\/\/www.ambiente.gob.ec\/?p=25111"},"modified":"2015-04-27T15:54:47","modified_gmt":"2015-04-27T20:54:47","slug":"ecuador-cuenta-con-normativa-sobre-cambio-climatico","status":"publish","type":"post","link":"https:\/\/www.ambienteyenergia.gob.ec\/ambiente\/ecuador-cuenta-con-normativa-sobre-cambio-climatico\/","title":{"rendered":"Ecuador cuenta con Normativa sobre Cambio Clim\u00e1tico"},"content":{"rendered":"<p style=\"text-align: justify;\">La Convenci\u00f3n Marco de las Naciones Unidas sobre el Cambio Clim\u00e1tico (CMCC), define a este fen\u00f3meno como: \u2018un cambio de clima atribuido directa o indirectamente a la actividad humana que altera la composici\u00f3n de la atm\u00f3sfera mundial y que se suma a la variabilidad natural del clima observada durante per\u00edodos&#8217;.<\/p>\n<p style=\"text-align: justify;\">El mundo ha empezado a sentir los efectos del cambio clim\u00e1tico: eventos extremos, cambio de temperatura, disminuci\u00f3n de glaciares, entre otros.<\/p>\n<p style=\"text-align: justify;\">Nuestro pa\u00eds no es la excepci\u00f3n, por esta raz\u00f3n, el actual Gobierno es el primero en la historia del Ecuador en reconocer al cambio clim\u00e1tico como un fen\u00f3meno que conlleva riesgos al desarrollo econ\u00f3mico, social y ambiental del pa\u00eds.<\/p>\n<p style=\"text-align: justify;\">Adem\u00e1s, esta Cartera de Estado, desde hace m\u00e1s de cinco a\u00f1os trabaja en establecer medidas de adaptaci\u00f3n a nuevas condiciones clim\u00e1ticas, con el fin de reducir la vulnerabilidad de la poblaci\u00f3n ante los riesgos eminentes de este fen\u00f3meno. Adem\u00e1s, promueve medidas de mitigaci\u00f3n para apoyar la reducci\u00f3n de emisiones de gases efecto invernadero.\/em-ds<\/p>\n<p style=\"text-align: justify;\"><strong>Marco Regulatorio Nacional de Cambio Clim\u00e1tico:<\/strong><\/p>\n<ul style=\"text-align: justify;\">\n<li><strong>Constituci\u00f3n (2008):<\/strong> Los derechos de la naturaleza son abordados en la Constituci\u00f3n por primera vez en la historia. El Ecuador es uno de los pocos pa\u00edses de la regi\u00f3n que hace referencia expl\u00edcita a la tem\u00e1tica del cambio clim\u00e1tico (Art. 414).<\/li>\n<\/ul>\n<ul style=\"text-align: justify;\">\n<li><strong>Plan Nacional del Buen Vivir (2013-2017): <\/strong>Objetivo 7: Garantizar los derechos de la naturaleza y promover la sostenibilidad ambiental territorial y global. Pol\u00edticas: 7.10: Implementar medidas de mitigaci\u00f3n y adaptaci\u00f3n al Cambio Clim\u00e1tico para reducir la vulnerabilidad econ\u00f3mica y ambiental.<\/li>\n<\/ul>\n<ul style=\"text-align: justify;\">\n<li><strong>Subsecretar\u00eda de Cambio Clim\u00e1tico &#8211; SCC (Octubre 2009): <\/strong>El Ministerio del Ambiente estar\u00e1 encargado de <em>\u201cla formulaci\u00f3n y ejecuci\u00f3n de la estrategia nacional y el plan que permita generar e implementar acciones y medidas tendientes a concienciar en el <\/em><em>pa\u00eds la importancia de la lucha contra este proceso natural y antropog\u00e9nico y que incluyan mecanismos de coordinaci\u00f3n y articulaci\u00f3n interinstitucional\u201d<\/em>.<\/li>\n<\/ul>\n<ul style=\"text-align: justify;\">\n<li><strong>Acuerdos Ministeriales: <\/strong>N\u00b0 095. Establece como Pol\u00edtica de Estado a la Estrategia Nacional de Cambio Clim\u00e1tico.<\/li>\n<\/ul>\n<p><a href=\"http:\/\/www.ambienteyenergia.gob.ec\/ambiente\/wp-content\/uploads\/2015\/04\/INFO.jpg\"><img loading=\"lazy\" decoding=\"async\" class=\"aligncenter size-full wp-image-25113\" src=\"http:\/\/www.ambienteyenergia.gob.ec\/ambiente\/wp-content\/uploads\/2015\/04\/INFO.jpg\" alt=\"INFO\" width=\"800\" height=\"600\" \/><\/a><\/p>\n","protected":false},"excerpt":{"rendered":"<p class=\"excerpt\">La Convenci\u00f3n Marco de las Naciones Unidas sobre el Cambio Clim\u00e1tico (CMCC), define a este fen\u00f3meno como: \u2018un cambio de clima atribuido directa o indirectamente a la actividad humana que altera la composici\u00f3n de la atm\u00f3sfera mundial y que se suma a la variabilidad natural del clima observada durante per\u00edodos&#8217;. El mundo ha empezado a sentir los efectos del cambio&hellip; <a href=\"https:\/\/www.ambienteyenergia.gob.ec\/ambiente\/ecuador-cuenta-con-normativa-sobre-cambio-climatico\/\">Read more &rarr;<\/a><\/p>\n","protected":false},"author":13,"featured_media":24924,"comment_status":"open","ping_status":"open","sticky":false,"template":"","format":"standard","meta":{"footnotes":""},"categories":[16,4],"tags":[],"class_list":["post-25111","post","type-post","status-publish","format-standard","has-post-thumbnail","hentry","category-comunicamos","category-noticias","xfolkentry"],"_links":{"self":[{"href":"https:\/\/www.ambienteyenergia.gob.ec\/ambiente\/wp-json\/wp\/v2\/posts\/25111","targetHints":{"allow":["GET"]}}],"collection":[{"href":"https:\/\/www.ambienteyenergia.gob.ec\/ambiente\/wp-json\/wp\/v2\/posts"}],"about":[{"href":"https:\/\/www.ambienteyenergia.gob.ec\/ambiente\/wp-json\/wp\/v2\/types\/post"}],"author":[{"embeddable":true,"href":"https:\/\/www.ambienteyenergia.gob.ec\/ambiente\/wp-json\/wp\/v2\/users\/13"}],"replies":[{"embeddable":true,"href":"https:\/\/www.ambienteyenergia.gob.ec\/ambiente\/wp-json\/wp\/v2\/comments?post=25111"}],"version-history":[{"count":0,"href":"https:\/\/www.ambienteyenergia.gob.ec\/ambiente\/wp-json\/wp\/v2\/posts\/25111\/revisions"}],"wp:featuredmedia":[{"embeddable":true,"href":"https:\/\/www.ambienteyenergia.gob.ec\/ambiente\/wp-json\/wp\/v2\/media\/24924"}],"wp:attachment":[{"href":"https:\/\/www.ambienteyenergia.gob.ec\/ambiente\/wp-json\/wp\/v2\/media?parent=25111"}],"wp:term":[{"taxonomy":"category","embeddable":true,"href":"https:\/\/www.ambienteyenergia.gob.ec\/ambiente\/wp-json\/wp\/v2\/categories?post=25111"},{"taxonomy":"post_tag","embeddable":true,"href":"https:\/\/www.ambienteyenergia.gob.ec\/ambiente\/wp-json\/wp\/v2\/tags?post=25111"}],"curies":[{"name":"wp","href":"https:\/\/api.w.org\/{rel}","templated":true}]}}