{"id":25109,"date":"2015-04-24T15:47:31","date_gmt":"2015-04-24T20:47:31","guid":{"rendered":"http:\/\/www.ambiente.gob.ec\/?p=25109"},"modified":"2015-04-28T16:47:25","modified_gmt":"2015-04-28T21:47:25","slug":"ecuador-conmemoro-el-dia-mundial-de-la-tierra","status":"publish","type":"post","link":"https:\/\/www.ambienteyenergia.gob.ec\/ambiente\/ecuador-conmemoro-el-dia-mundial-de-la-tierra\/","title":{"rendered":"Ecuador conmemor\u00f3 el D\u00eda Mundial de la Tierra"},"content":{"rendered":"<p><span style=\"font-family: Calibri,sans-serif;\">En conmemoraci\u00f3n del D\u00eda Mundial de la Tierra, el Ministerio del Ambiente llev\u00f3 acabo diferentes actividades con varios sectores de la poblaci\u00f3n, entre ellos estudiantes, con el fin de promover valores ambientales.<\/span><\/p>\n<p><span style=\"font-family: Calibri,sans-serif;\">En Quito cerca de 1 800 estudiantes del Liceo Municipal Experimental T\u00e9cnico y en Ciencias Fern\u00e1ndez Madrid se dieron cita al sur de la Capital, en Chilibulo, para realizar una caminata hacia la loma El Cinto, como parte del Plan Operativo Anual de la Instituci\u00f3n que tiene como meta motivar a sus estudiantes a velar por el ambiente, en su protecci\u00f3n y cuidado.<\/span><\/p>\n<p><span style=\"font-family: Calibri,sans-serif;\">Daniela Gancino, estudiante de Primero de Bachillerato en Ciencias coment\u00f3 que: \u201cesta caminata es una gran experiencia, para que los j\u00f3venes podamos ser conscientes de la importancia del cuidado del planeta; nuestro \u00fanico hogar\u201d.<\/span><\/p>\n<p><span style=\"font-family: Calibri,sans-serif;\">Por otro lado, en Guayaquil, se realiz\u00f3 la proyecci\u00f3n del documental Earth a funcionarios del Gobierno zonal de Guayaquil, estudiantes de bachillerato y de universidades, que adem\u00e1s participaron de un peque\u00f1o debate en el cual se realizaron varias propuestas como: la creaci\u00f3n de clubes ecol\u00f3gicos, capacitaciones en escuelas, colegios e industrias, reciclaje, manejo y gesti\u00f3n de desechos s\u00f3lidos, actividades que en su mayor\u00eda se est\u00e1n llevando a cabo actualmente por el MAE.<\/span><\/p>\n<p><span style=\"font-family: Calibri,sans-serif;\">Earth es un largometraje documental de naturaleza, que ofrece un retrato de nuestro planeta durante el per\u00edodo de un a\u00f1o. Fue filmado por 40 especialistas en m\u00e1s de 200 lugares diferentes. Los personajes centrales de la pel\u00edcula son osos polares, elefantes africanos y ballenas jorobadas. Cada uno en su h\u00e1bitat, pasan muchas dificultades para alimentarse y seguir sobreviviendo en un entorno vulnerable debido a diferentes efectos ambientales y cambios clim\u00e1ticos que se est\u00e1n dando actualmente.<\/span><\/p>\n<p><span style=\"font-family: Calibri,sans-serif;\">En Loja, se desarrollaron varias actividades, entre ellas el Video Foro \u201cLa contaminaci\u00f3n ac\u00fastica enemigo de la salud y el ambiente\u201d, con la asistencia de 400 j\u00f3venes de varios establecimientos de la ciudad.<\/span><\/p>\n<p><span style=\"font-family: Calibri,sans-serif;\">Adem\u00e1s, se realiz\u00f3 el concurso de arte \u201cA mi planeta la tierra yo, lo miro as\u00ed\u201d con la participaci\u00f3n de alumnos del 7\u00b0 de b\u00e1sica de 16 establecimientos educativos. Los ni\u00f1os dejaron plasmados su forma de pensar sobre nuestro planeta, aplicando sus conocimientos, talento, imaginaci\u00f3n, creatividad y destrezas.<\/span><\/p>\n<p><span style=\"font-family: Calibri,sans-serif;\">Esta Cartera de Estado busca promover el cuidado y la conservaci\u00f3n del ambiente, por medio de actividades que vinculen a la poblaci\u00f3n en procesos de educaci\u00f3n ambiental.\/sj-ds<\/span><\/p>\n","protected":false},"excerpt":{"rendered":"<p class=\"excerpt\">En conmemoraci\u00f3n del D\u00eda Mundial de la Tierra, el Ministerio del Ambiente llev\u00f3 acabo diferentes actividades con varios sectores de la poblaci\u00f3n, entre ellos estudiantes, con el fin de promover valores ambientales. En Quito cerca de 1 800 estudiantes del Liceo Municipal Experimental T\u00e9cnico y en Ciencias Fern\u00e1ndez Madrid se dieron cita al sur de la Capital, en Chilibulo, para&hellip; <a href=\"https:\/\/www.ambienteyenergia.gob.ec\/ambiente\/ecuador-conmemoro-el-dia-mundial-de-la-tierra\/\">Read more &rarr;<\/a><\/p>\n","protected":false},"author":13,"featured_media":25120,"comment_status":"open","ping_status":"open","sticky":false,"template":"","format":"standard","meta":{"footnotes":""},"categories":[16,4],"tags":[730,478,108,53],"class_list":["post-25109","post","type-post","status-publish","format-standard","has-post-thumbnail","hentry","category-comunicamos","category-noticias","tag-dia-mudial-de-la-tierra","tag-educacion-ambiental","tag-lorena-tapia","tag-mae","xfolkentry"],"_links":{"self":[{"href":"https:\/\/www.ambienteyenergia.gob.ec\/ambiente\/wp-json\/wp\/v2\/posts\/25109","targetHints":{"allow":["GET"]}}],"collection":[{"href":"https:\/\/www.ambienteyenergia.gob.ec\/ambiente\/wp-json\/wp\/v2\/posts"}],"about":[{"href":"https:\/\/www.ambienteyenergia.gob.ec\/ambiente\/wp-json\/wp\/v2\/types\/post"}],"author":[{"embeddable":true,"href":"https:\/\/www.ambienteyenergia.gob.ec\/ambiente\/wp-json\/wp\/v2\/users\/13"}],"replies":[{"embeddable":true,"href":"https:\/\/www.ambienteyenergia.gob.ec\/ambiente\/wp-json\/wp\/v2\/comments?post=25109"}],"version-history":[{"count":0,"href":"https:\/\/www.ambienteyenergia.gob.ec\/ambiente\/wp-json\/wp\/v2\/posts\/25109\/revisions"}],"wp:featuredmedia":[{"embeddable":true,"href":"https:\/\/www.ambienteyenergia.gob.ec\/ambiente\/wp-json\/wp\/v2\/media\/25120"}],"wp:attachment":[{"href":"https:\/\/www.ambienteyenergia.gob.ec\/ambiente\/wp-json\/wp\/v2\/media?parent=25109"}],"wp:term":[{"taxonomy":"category","embeddable":true,"href":"https:\/\/www.ambienteyenergia.gob.ec\/ambiente\/wp-json\/wp\/v2\/categories?post=25109"},{"taxonomy":"post_tag","embeddable":true,"href":"https:\/\/www.ambienteyenergia.gob.ec\/ambiente\/wp-json\/wp\/v2\/tags?post=25109"}],"curies":[{"name":"wp","href":"https:\/\/api.w.org\/{rel}","templated":true}]}}