{"id":25105,"date":"2015-04-24T10:49:42","date_gmt":"2015-04-24T15:49:42","guid":{"rendered":"http:\/\/www.ambiente.gob.ec\/?p=25105"},"modified":"2015-04-24T10:58:36","modified_gmt":"2015-04-24T15:58:36","slug":"4-millones-de-dolares-seran-invertidos-en-restauracion-forestal","status":"publish","type":"post","link":"https:\/\/www.ambienteyenergia.gob.ec\/ambiente\/4-millones-de-dolares-seran-invertidos-en-restauracion-forestal\/","title":{"rendered":"4 millones de d\u00f3lares ser\u00e1n invertidos en Restauraci\u00f3n Forestal"},"content":{"rendered":"<p class=\"western\" lang=\"es-MX\"><span style=\"font-family: Calibri,sans-serif;\">La noche de ayer, la Ministra de Ambiente, Lorena Tapia firm\u00f3 nueve convenios de Restauraci\u00f3n Forestal con las provincias de Los R\u00edos, Bol\u00edvar y Santo Domingo, en el marco de la cooperaci\u00f3n interinstitucional como parte del Plan Nacional de Restauraci\u00f3n Forestal con Alcaldes y Presidentes de Juntas Parroquiales.<\/span><\/p>\n<p class=\"western\" lang=\"es-MX\"><span style=\"font-family: Calibri,sans-serif;\">Este convenio permitir\u00e1 invertir 4 millones 270 mil d\u00f3lares que ser\u00e1n destinados para la restauraci\u00f3n de 6 500 hect\u00e1reas de bosques, aproximadamente. <\/span><\/p>\n<p class=\"western\" lang=\"es-MX\"><span style=\"font-family: Calibri,sans-serif;\">El Alcalde de Ventanas, Patricio Urrutia, en representaci\u00f3n de las autoridades locales y parroquiales, agradeci\u00f3 a la Ministra Tapia por el apoyo que se brinda a los Gobiernos Aut\u00f3nomos Descentralizados (GAD), demostrando adem\u00e1s su compromiso de trabajar por una Generaci\u00f3n Verde y ser parte de la conservaci\u00f3n del patrimonio natural del Estado.<\/span><\/p>\n<p class=\"western\" lang=\"es-MX\"><span style=\"font-family: Calibri,sans-serif;\">Por su parte la ministra Tapia expres\u00f3 que la firma de estos convenios se suman al trabajo que esta Cartera de Estado y el Gobierno Nacional llevan a cabo para cumplir la meta de restaurar 500 mil hect\u00e1reas de bosques nativos, hasta el 2017. \u201cEste proyecto emblem\u00e1tico es la base para que nuestras futuras generaciones se comprometan en conservar nuestro pa\u00eds y seguir siendo megadiversos\u201d, acot\u00f3.\/la-ds<\/span><\/p>\n<p class=\"western\" lang=\"es-MX\"><strong><span style=\"font-family: Calibri,sans-serif;\">El Dato<\/span><\/strong><\/p>\n<p class=\"western\" lang=\"es-MX\"><span style=\"font-family: Calibri,sans-serif;\">El Ministerio del Ambiente ejecuta el Programa Nacional de Reforestaci\u00f3n con fines de conservaci\u00f3n ambiental, protecci\u00f3n de cuencas hidrogr\u00e1ficas y beneficios alternos, de manera concurrente con los GAD Provinciales y Parroquiales rurales del pa\u00eds. <\/span><\/p>\n<p class=\"western\" lang=\"es-MX\"><span style=\"font-family: Calibri,sans-serif;\">El Programa pretende lograr la recuperaci\u00f3n de la cubierta vegetal natural, a trav\u00e9s de un manejo integral del paisaje forestal y mejorar las condiciones de vida de la poblaci\u00f3n. Al mismo tiempo el Plan Nacional Forestal determina los criterios de priorizaci\u00f3n y restricci\u00f3n de plantaciones forestales con fines de conservaci\u00f3n y protecci\u00f3n.<\/span><\/p>\n","protected":false},"excerpt":{"rendered":"<p class=\"excerpt\">La noche de ayer, la Ministra de Ambiente, Lorena Tapia firm\u00f3 nueve convenios de Restauraci\u00f3n Forestal con las provincias de Los R\u00edos, Bol\u00edvar y Santo Domingo, en el marco de la cooperaci\u00f3n interinstitucional como parte del Plan Nacional de Restauraci\u00f3n Forestal con Alcaldes y Presidentes de Juntas Parroquiales. Este convenio permitir\u00e1 invertir 4 millones 270 mil d\u00f3lares que ser\u00e1n destinados&hellip; <a href=\"https:\/\/www.ambienteyenergia.gob.ec\/ambiente\/4-millones-de-dolares-seran-invertidos-en-restauracion-forestal\/\">Read more &rarr;<\/a><\/p>\n","protected":false},"author":13,"featured_media":24924,"comment_status":"open","ping_status":"open","sticky":false,"template":"","format":"standard","meta":{"footnotes":""},"categories":[16,4],"tags":[719,581,729,108,53,459],"class_list":["post-25105","post","type-post","status-publish","format-standard","has-post-thumbnail","hentry","category-comunicamos","category-noticias","tag-convenios","tag-gad","tag-generacion-verde","tag-lorena-tapia","tag-mae","tag-restauracion-forestal","xfolkentry"],"_links":{"self":[{"href":"https:\/\/www.ambienteyenergia.gob.ec\/ambiente\/wp-json\/wp\/v2\/posts\/25105","targetHints":{"allow":["GET"]}}],"collection":[{"href":"https:\/\/www.ambienteyenergia.gob.ec\/ambiente\/wp-json\/wp\/v2\/posts"}],"about":[{"href":"https:\/\/www.ambienteyenergia.gob.ec\/ambiente\/wp-json\/wp\/v2\/types\/post"}],"author":[{"embeddable":true,"href":"https:\/\/www.ambienteyenergia.gob.ec\/ambiente\/wp-json\/wp\/v2\/users\/13"}],"replies":[{"embeddable":true,"href":"https:\/\/www.ambienteyenergia.gob.ec\/ambiente\/wp-json\/wp\/v2\/comments?post=25105"}],"version-history":[{"count":0,"href":"https:\/\/www.ambienteyenergia.gob.ec\/ambiente\/wp-json\/wp\/v2\/posts\/25105\/revisions"}],"wp:featuredmedia":[{"embeddable":true,"href":"https:\/\/www.ambienteyenergia.gob.ec\/ambiente\/wp-json\/wp\/v2\/media\/24924"}],"wp:attachment":[{"href":"https:\/\/www.ambienteyenergia.gob.ec\/ambiente\/wp-json\/wp\/v2\/media?parent=25105"}],"wp:term":[{"taxonomy":"category","embeddable":true,"href":"https:\/\/www.ambienteyenergia.gob.ec\/ambiente\/wp-json\/wp\/v2\/categories?post=25105"},{"taxonomy":"post_tag","embeddable":true,"href":"https:\/\/www.ambienteyenergia.gob.ec\/ambiente\/wp-json\/wp\/v2\/tags?post=25105"}],"curies":[{"name":"wp","href":"https:\/\/api.w.org\/{rel}","templated":true}]}}