{"id":25103,"date":"2015-04-24T08:28:09","date_gmt":"2015-04-24T13:28:09","guid":{"rendered":"http:\/\/www.ambiente.gob.ec\/?p=25103"},"modified":"2015-04-24T08:28:09","modified_gmt":"2015-04-24T13:28:09","slug":"ministra-tapia-se-reunio-con-el-banco-del-estado-y-alcaldes-de-la-provincia-de-los-rios","status":"publish","type":"post","link":"https:\/\/www.ambienteyenergia.gob.ec\/ambiente\/ministra-tapia-se-reunio-con-el-banco-del-estado-y-alcaldes-de-la-provincia-de-los-rios\/","title":{"rendered":"Ministra Tapia se reuni\u00f3 con el Banco del Estado y Alcaldes de la provincia de Los R\u00edos"},"content":{"rendered":"<p class=\"western\">La Ministra del Ambiente, Lorena Tapia, mantuvo una reuni\u00f3n de trabajo con autoridades del Banco del Estado y los alcaldes y representantes de 13 cantones que conforman la Provincia de Los R\u00edos para tratar el tema de la gesti\u00f3n integral de residuos s\u00f3lidos en la provincia.<\/p>\n<p class=\"western\">En su reuni\u00f3n la Ministra se\u00f1al\u00f3 que \u201cel Ministerio del Ambiente no es un ente sancionador sino una entidad presta a trabajar de la mano con los 221 Gobiernos Aut\u00f3nomos Descentralizados Municipales (GADM) para lograr el cierre t\u00e9cnico de los botaderos a cielo abierto existentes en el pa\u00eds\u201d.<\/p>\n<p class=\"western\">De su lado, la Gerenta del Banco del Estado, Ver\u00f3nica Gallardo, se\u00f1al\u00f3 que son el \u201cbanco de los Municipios, prestos a colaborar con el financiamiento para la ejecuci\u00f3n de los proyectos que tengan los GADM para mejorar la calidad de vida de sus ciudadanos\u201d.<\/p>\n<p class=\"western\">Actualmente, esta provincia cuenta con todos los estudios de cierres t\u00e9cnicos de botaderos aprobados por el Ministerio del Ambiente por lo cual cada Municipio debe ejecutar e implementar sus proyectos.<\/p>\n<p class=\"western\">Una vez obtenido el financiamiento por parte del Banco del Estado, empezar\u00e1 la implementaci\u00f3n de los estudios de cierre t\u00e9cnico y celdas emergentes de la Mancomunidad Mundo Verde, con la cual el 100% de los GADM de Los R\u00edos iniciar\u00e1n el proceso de consolidaci\u00f3n hacia un modelo de gesti\u00f3n sostenible para el manejo integral de los residuos s\u00f3lidos en la provincia.<\/p>\n<p class=\"western\">Cabe destacar que la generaci\u00f3n diaria de residuos s\u00f3lidos en la provincia es de aproximadamente 520 toneladas diarias y la poblaci\u00f3n beneficiada por la gesti\u00f3n del Ministerio del Ambiente, a trav\u00e9s del Programa Nacional para la Gesti\u00f3n Integral de Desechos S\u00f3lidos (MAE-PNGIDS), es de m\u00e1s de 800 000 habitantes.<\/p>\n<p class=\"western\">El monto total de implementaci\u00f3n de los proyectos de cierre t\u00e9cnico de botadero y celdas emergentes que actualmente cuentan con viabilidad t\u00e9cnica en la provincia de Los R\u00edos es de m\u00e1s de 6 millones de d\u00f3lares.\/ba-ds<\/p>\n","protected":false},"excerpt":{"rendered":"<p class=\"excerpt\">La Ministra del Ambiente, Lorena Tapia, mantuvo una reuni\u00f3n de trabajo con autoridades del Banco del Estado y los alcaldes y representantes de 13 cantones que conforman la Provincia de Los R\u00edos para tratar el tema de la gesti\u00f3n integral de residuos s\u00f3lidos en la provincia. En su reuni\u00f3n la Ministra se\u00f1al\u00f3 que \u201cel Ministerio del Ambiente no es un&hellip; <a href=\"https:\/\/www.ambienteyenergia.gob.ec\/ambiente\/ministra-tapia-se-reunio-con-el-banco-del-estado-y-alcaldes-de-la-provincia-de-los-rios\/\">Read more &rarr;<\/a><\/p>\n","protected":false},"author":13,"featured_media":24924,"comment_status":"open","ping_status":"open","sticky":false,"template":"","format":"standard","meta":{"footnotes":""},"categories":[16,4],"tags":[727,726,108,53,90,728],"class_list":["post-25103","post","type-post","status-publish","format-standard","has-post-thumbnail","hentry","category-comunicamos","category-noticias","tag-cierre-tecnico","tag-gadm","tag-lorena-tapia","tag-mae","tag-pngids","tag-rellenos-sanitarios","xfolkentry"],"_links":{"self":[{"href":"https:\/\/www.ambienteyenergia.gob.ec\/ambiente\/wp-json\/wp\/v2\/posts\/25103","targetHints":{"allow":["GET"]}}],"collection":[{"href":"https:\/\/www.ambienteyenergia.gob.ec\/ambiente\/wp-json\/wp\/v2\/posts"}],"about":[{"href":"https:\/\/www.ambienteyenergia.gob.ec\/ambiente\/wp-json\/wp\/v2\/types\/post"}],"author":[{"embeddable":true,"href":"https:\/\/www.ambienteyenergia.gob.ec\/ambiente\/wp-json\/wp\/v2\/users\/13"}],"replies":[{"embeddable":true,"href":"https:\/\/www.ambienteyenergia.gob.ec\/ambiente\/wp-json\/wp\/v2\/comments?post=25103"}],"version-history":[{"count":0,"href":"https:\/\/www.ambienteyenergia.gob.ec\/ambiente\/wp-json\/wp\/v2\/posts\/25103\/revisions"}],"wp:featuredmedia":[{"embeddable":true,"href":"https:\/\/www.ambienteyenergia.gob.ec\/ambiente\/wp-json\/wp\/v2\/media\/24924"}],"wp:attachment":[{"href":"https:\/\/www.ambienteyenergia.gob.ec\/ambiente\/wp-json\/wp\/v2\/media?parent=25103"}],"wp:term":[{"taxonomy":"category","embeddable":true,"href":"https:\/\/www.ambienteyenergia.gob.ec\/ambiente\/wp-json\/wp\/v2\/categories?post=25103"},{"taxonomy":"post_tag","embeddable":true,"href":"https:\/\/www.ambienteyenergia.gob.ec\/ambiente\/wp-json\/wp\/v2\/tags?post=25103"}],"curies":[{"name":"wp","href":"https:\/\/api.w.org\/{rel}","templated":true}]}}