{"id":25095,"date":"2015-04-23T15:47:15","date_gmt":"2015-04-23T20:47:15","guid":{"rendered":"http:\/\/www.ambiente.gob.ec\/?p=25095"},"modified":"2015-04-29T16:45:40","modified_gmt":"2015-04-29T21:45:40","slug":"ecuador-invitado-al-vaticano-para-exponer-su-vision-y-logros-en-materia-ambiental-previa-a-la-promulgacion-de-la-enciclica-papal-sobre-cambio-climatico","status":"publish","type":"post","link":"https:\/\/www.ambienteyenergia.gob.ec\/ambiente\/ecuador-invitado-al-vaticano-para-exponer-su-vision-y-logros-en-materia-ambiental-previa-a-la-promulgacion-de-la-enciclica-papal-sobre-cambio-climatico\/","title":{"rendered":"Ecuador invitado al Vaticano para exponer su visi\u00f3n y logros en materia ambiental, previa a la promulgaci\u00f3n de la Enc\u00edclica Papal sobre Cambio Clim\u00e1tico"},"content":{"rendered":"<ul>\n<li style=\"text-align: justify;\"><strong><em>El Presidente de la Rep\u00fablica, Ec. Rafael Correa, ser\u00e1 el \u00fanico Jefe de Estado invitado a la Conferencia de Alto Nivel \u201cProteger la Tierra y Dignificar al Ser Humano\u201d, organizada por \u00a0la Red de Soluciones para el Desarrollo Sostenible de Naciones Unidas y la Academia Pontifica de Ciencias y Religiones para la Paz de la Santa Sede.<\/em><\/strong><\/li>\n<\/ul>\n<ul style=\"text-align: justify;\">\n<li><strong><em>La Conferencia se desarrollar\u00e1 este martes 28 de abril y la Ministra de Ambiente del Ecuador, Lorena Tapia N\u00fa\u00f1ez, formar\u00e1 parte de la delegaci\u00f3n del Ecuador, que asistir\u00e1 al Primer Mandatario en su ponencia.<\/em><\/strong><\/li>\n<\/ul>\n<p style=\"text-align: justify;\"><strong><em>\u00a0<\/em><\/strong><\/p>\n<ul style=\"text-align: justify;\">\n<li><strong><em>La Ministra, Lorena Tapia, dijo que esta invitaci\u00f3n al Vaticano es un reconocimiento al liderazgo internacional de Ecuador en materia de protecci\u00f3n a la naturaleza y mitigaci\u00f3n de los efectos del calentamiento global.<\/em><\/strong><\/li>\n<\/ul>\n<p style=\"text-align: justify;\"><strong>Quito, 23 de abril del 2015.-<\/strong>\u00a0 La visi\u00f3n de Ecuador sobre el manejo ambiental y los logros del pa\u00eds en protecci\u00f3n de la naturaleza ser\u00e1n parte de las tem\u00e1ticas abordadas en la<\/p>\n<p style=\"text-align: justify;\">Conferencia de Alto Nivel \u201cProteger la Tierra y Dignificar al Ser Humano\u201d, que se desarrollar\u00e1 en Ciudad del Vaticano, bajo la tem\u00e1tica <strong><em>\u201c<\/em><\/strong><strong><em>Las dimensiones morales del cambio clim\u00e1tico y el desarrollo sostenible\u201d.<\/em><\/strong><\/p>\n<p style=\"text-align: justify;\">Al evento asistir\u00e1n los m\u00e1s importantes l\u00edderes mundiales y especialistas en material ambiental y, en ese contexto, el Presidente de Ecuador. Ec. Rafael Correa, ser\u00e1 el \u00fanico Jefe de Estado invitado para disertar en este alto panel.<\/p>\n<p style=\"text-align: justify;\">La Conferencia estar\u00e1 liderada por el Secretario General de Naciones Unidas, Ban Ki-moon; el Secretario de Estado del Vaticano, Cardenal, Pietro Parolin; el economista ambiental, Jeffrey Sachs y el Cardenal, Peter Turkson, Presidente del Pontificio Consejo para la Justicia y la Paz del Vaticano y asesor del Papa Francisco en temas de cambio clim\u00e1tico.<\/p>\n<p style=\"text-align: justify;\">El encuentro servir\u00e1 para elevar el debate global sobre la necesidad de discutir acerca de las dimensiones morales del cambio clim\u00e1tico y el desarrollo sostenible, previo a la publicaci\u00f3n de la primera enc\u00edclica del Papa sobre ambiente y la Duod\u00e9cima Primera Conferencia de las Partes de la Convenci\u00f3n Marco de Naciones Unidas sobre Cambio Clim\u00e1tico, en Par\u00eds en diciembre de 2015.<\/p>\n<p style=\"text-align: justify;\">El Presidente de la Rep\u00fablica, Rafael Correa, viajar\u00e1 al Vaticano, junto a la Ministra de Ambiente de Ecuador, Lorena Tapia N\u00fa\u00f1ez, a fin de que el Mandatario tenga todos los insumos t\u00e9cnicos para su exposici\u00f3n en el Panel 3 de la Conferencia.<\/p>\n<p style=\"text-align: justify;\">El Presidente Correa disertar\u00e1 sobre el tema \u201cJusticia Clim\u00e1tica y Desarrollo Sostenible en la Estructura del Estado Ecuatoriano\u201d, mencionando los siguientes temas:<\/p>\n<ol style=\"text-align: justify;\">\n<li>a) Derechos a la Naturaleza en la Constituci\u00f3n del Ecuador. Hito hist\u00f3rico internacional.<\/li>\n<li>b) Plan Nacional del Buen Vivir. El ser humano como centro del desarrollo en armon\u00eda con la naturaleza.<\/li>\n<li>c) Estrategia de Erradicaci\u00f3n de la Pobreza. Desarrollo y crecimiento econ\u00f3mico y social en armon\u00eda con la naturaleza.<\/li>\n<li>d) Transformaci\u00f3n de Matriz Productiva. Acceso justo a los recursos naturales y servicios ecosist\u00e9micos.<\/li>\n<li>e) Cambio de la Matriz Energ\u00e9tica.<\/li>\n<li>f) Estrategia Nacional de Cambio Clim\u00e1tico y Planes de Acci\u00f3n.<\/li>\n<\/ol>\n<p style=\"text-align: justify;\">Ecuador fue invitado al Vaticano, justamente, por las importantes coincidencias que existen entre la visi\u00f3n Papal del desarrollo sostenible y la actual filosof\u00eda del Gobierno Nacional en esta misma materia.<\/p>\n<p style=\"text-align: justify;\">La Enc\u00edclica reconoce que el objetivo central del desarrollo sostenible debe ser la erradicaci\u00f3n de la pobreza y las desigualdades, lo cual coincide con la visi\u00f3n del Gobierno de Ecuador al 2030 expresada en la Constituci\u00f3n el Ecuador del 2008, el Plan Nacional del Buen Vivir, la Estrategia Nacional de Acumulaci\u00f3n, Distribuci\u00f3n y Redistribuci\u00f3n de la Riqueza, que se relaciona con la Pol\u00edtica Ambiental Ecuatoriana y las estrategias nacionales en materia de cambio clim\u00e1tico.<\/p>\n<p style=\"text-align: justify;\">As\u00ed mismo, el Ecuador dentro de su legislaci\u00f3n nacional promueve cambiar el modelo tradicional de desarrollo y la \u00abcultura del consumismo\u00bb hacia una sociedad con patrones de consumo y producci\u00f3n sostenibles, por lo que el Ministerio de Ambiente ha desarrollado indicadores en base a datos del Sistema de Contabilidad Ambiental Nacional y el c\u00e1lculo de la Huella Ecol\u00f3gica, que permite medir como el crecimiento econ\u00f3mico se va desligando del uso de los recursos naturales, de la degradaci\u00f3n de tierra; lo cual tiene co-beneficios para el cambio clim\u00e1tico y la erradicaci\u00f3n de la pobreza.<\/p>\n<p style=\"text-align: justify;\">En este sentido, la Ministra de Ambiente del Ecuador, Lorena Tapia, ha impulsado importantes hitos en:<\/p>\n<ol style=\"text-align: justify;\">\n<li>\u00a0Conservaci\u00f3n y uso sostenible de los bosques, de la biodiversidad y de los servicios Ecosist\u00e9micos.<\/li>\n<li>\u00a0Programa Nacional de Restauraci\u00f3n.<\/li>\n<li>\u00a0Medidas para evitar el retroceso de los glaciares e incentivar la conservaci\u00f3n de los p\u00e1ramos.<\/li>\n<li>\u00a0Medidas para analizar y reducir la vulnerabilidad clim\u00e1tica de centrales hidroel\u00e9ctricas emblem\u00e1ticas.<\/li>\n<li>\u00a0Ejecuci\u00f3n del Programa Nacional de Reducci\u00f3n de emisiones por Deforestaci\u00f3n y Degradaci\u00f3n Forestal (REDD+).<\/li>\n<li>\u00a0Otras acciones de mitigaci\u00f3n y adaptaci\u00f3n al cambio clim\u00e1tico.<\/li>\n<\/ol>\n<p style=\"text-align: justify;\">Desde el 2008 se han conservado en Ecuador un 1`400 000 hect\u00e1reas (5% de la superficie del pa\u00eds), lo que equivale a unos 840 millones de \u00e1rboles. Asimismo, se han reforestado en el pa\u00eds 65 millones de \u00e1rboles en unas 125 mil hect\u00e1reas.<\/p>\n<p style=\"text-align: justify;\">La inversi\u00f3n total del Gobierno Nacional y Ministerio Ambiente en conservaci\u00f3n y restauraci\u00f3n del 2008 al 2014 asciende a 73 millones de d\u00f3lares, una cifra nunca antes considerada para este rubro en la historia del pa\u00eds.<\/p>\n<p style=\"text-align: justify;\">El\u00a0 Ministerio de Ambiente conservar\u00e1 en el per\u00edodo 2014 &#8211; 2017, un total de 500 mil hect\u00e1reas.<\/p>\n<p style=\"text-align: justify;\">En el mismo viaje, el Presidente, Rafael Correa, y la Ministra Lorena Tapia, asistir\u00e1n a una audiencia privada con el Papa Francisco.<\/p>\n","protected":false},"excerpt":{"rendered":"<p class=\"excerpt\">El Presidente de la Rep\u00fablica, Ec. Rafael Correa, ser\u00e1 el \u00fanico Jefe de Estado invitado a la Conferencia de Alto Nivel \u201cProteger la Tierra y Dignificar al Ser Humano\u201d, organizada por \u00a0la Red de Soluciones para el Desarrollo Sostenible de Naciones Unidas y la Academia Pontifica de Ciencias y Religiones para la Paz de la Santa Sede. La Conferencia se&hellip; <a href=\"https:\/\/www.ambienteyenergia.gob.ec\/ambiente\/ecuador-invitado-al-vaticano-para-exponer-su-vision-y-logros-en-materia-ambiental-previa-a-la-promulgacion-de-la-enciclica-papal-sobre-cambio-climatico\/\">Read more &rarr;<\/a><\/p>\n","protected":false},"author":13,"featured_media":24924,"comment_status":"open","ping_status":"open","sticky":false,"template":"","format":"standard","meta":{"footnotes":""},"categories":[16,4],"tags":[],"class_list":["post-25095","post","type-post","status-publish","format-standard","has-post-thumbnail","hentry","category-comunicamos","category-noticias","xfolkentry"],"_links":{"self":[{"href":"https:\/\/www.ambienteyenergia.gob.ec\/ambiente\/wp-json\/wp\/v2\/posts\/25095","targetHints":{"allow":["GET"]}}],"collection":[{"href":"https:\/\/www.ambienteyenergia.gob.ec\/ambiente\/wp-json\/wp\/v2\/posts"}],"about":[{"href":"https:\/\/www.ambienteyenergia.gob.ec\/ambiente\/wp-json\/wp\/v2\/types\/post"}],"author":[{"embeddable":true,"href":"https:\/\/www.ambienteyenergia.gob.ec\/ambiente\/wp-json\/wp\/v2\/users\/13"}],"replies":[{"embeddable":true,"href":"https:\/\/www.ambienteyenergia.gob.ec\/ambiente\/wp-json\/wp\/v2\/comments?post=25095"}],"version-history":[{"count":0,"href":"https:\/\/www.ambienteyenergia.gob.ec\/ambiente\/wp-json\/wp\/v2\/posts\/25095\/revisions"}],"wp:featuredmedia":[{"embeddable":true,"href":"https:\/\/www.ambienteyenergia.gob.ec\/ambiente\/wp-json\/wp\/v2\/media\/24924"}],"wp:attachment":[{"href":"https:\/\/www.ambienteyenergia.gob.ec\/ambiente\/wp-json\/wp\/v2\/media?parent=25095"}],"wp:term":[{"taxonomy":"category","embeddable":true,"href":"https:\/\/www.ambienteyenergia.gob.ec\/ambiente\/wp-json\/wp\/v2\/categories?post=25095"},{"taxonomy":"post_tag","embeddable":true,"href":"https:\/\/www.ambienteyenergia.gob.ec\/ambiente\/wp-json\/wp\/v2\/tags?post=25095"}],"curies":[{"name":"wp","href":"https:\/\/api.w.org\/{rel}","templated":true}]}}