{"id":25093,"date":"2015-04-23T15:57:15","date_gmt":"2015-04-23T20:57:15","guid":{"rendered":"http:\/\/www.ambiente.gob.ec\/?p=25093"},"modified":"2015-04-23T16:08:52","modified_gmt":"2015-04-23T21:08:52","slug":"mae-realizo-taller-preparatorio-para-el-xi-periodo-de-sesiones-del-foro-mundial-de-bosques","status":"publish","type":"post","link":"https:\/\/www.ambienteyenergia.gob.ec\/ambiente\/mae-realizo-taller-preparatorio-para-el-xi-periodo-de-sesiones-del-foro-mundial-de-bosques\/","title":{"rendered":"MAE realiz\u00f3 taller preparatorio para el XI per\u00edodo de sesiones del Foro Mundial de Bosques"},"content":{"rendered":"<p><span style=\"font-family: Calibri,sans-serif;\">En Quito se desarroll\u00f3 el Taller preparatorio para el XI Per\u00edodo de Sesiones del Foro Mundial de Bosques que se desarrollar\u00e1 entre el 4 y 15 de mayo pr\u00f3ximo en New York, mismo que reuni\u00f3n a cerca de 30 expertos nacionales en materia de bosques.<\/span><\/p>\n<p><span style=\"font-family: Calibri,sans-serif;\">Durante el encuentro, que tuvo una duraci\u00f3n de cinco horas, los participantes dialogaron sobre las metas y objetivos propuestos para el encuentro internacional, as\u00ed como tambi\u00e9n sobre mecanismos de financiamiento de bosques y la vinculaci\u00f3n de la pol\u00edtica nacional forestal en relaci\u00f3n con los objetivos de desarrollo sostenible.<\/span><\/p>\n<p><span style=\"font-family: Calibri,sans-serif;\">Christian Ter\u00e1n, Subsecretario de Patrimonio Natural, reconoci\u00f3 la importancia de este tipo de eventos, pues permite un acercamiento directo con los involucrados en temas forestales lo que brinda la posibilidad al Gobierno de integrar en sus pol\u00edticas acciones de desarrollo concretas, en beneficio de la comunidad y del patrimonio natural del Estado.<\/span><\/p>\n<p>\u201c<span style=\"font-family: Calibri,sans-serif;\">El Ministerio del Ambiente ha trabajado en estos \u00faltimos a\u00f1os con el fin de alcanzar metas ambiciosas en materia de conservaci\u00f3n de bosques, reducci\u00f3n del porcentaje de reforestaci\u00f3n a nivel nacional, a fin de entregar a todos los ciudadanos ecuatorianos un ambiente sano y ecol\u00f3gicamente equilibrado, en el marco del Buen Vivir y el desarrollo sostenible\u201d, a\u00f1adi\u00f3 Ter\u00e1n.<\/span><\/p>\n<p><span style=\"font-family: Calibri,sans-serif;\">Por otro lado, Carla C\u00e1rdenas, Asesora de esta Cartera de Estado realiz\u00f3 la presentaci\u00f3n a los participantes, en la cual se expuso sobre las perspectivas sobre bosques a nivel mundial despu\u00e9s de 2015, financiamiento y sostenibilidad con el objetivo de desarrollar una visi\u00f3n forestal de pa\u00eds, que ser\u00e1 expuesta en New York, a fin de contribuir con la creaci\u00f3n de una estrategia internacional, regional y local de manejo de bosques.<\/span><\/p>\n<p><span style=\"font-family: Calibri,sans-serif;\">Al finalizar el taller se realiz\u00f3 un di\u00e1logo participativo con los expertos, con el fin de recoger sus comentarios y sugerencias que ser\u00e1n incluidos en las propuestas que realizar\u00e1 Ecuador en el Foro Mundial de Bosques.\/ds<\/span><\/p>\n","protected":false},"excerpt":{"rendered":"<p class=\"excerpt\">En Quito se desarroll\u00f3 el Taller preparatorio para el XI Per\u00edodo de Sesiones del Foro Mundial de Bosques que se desarrollar\u00e1 entre el 4 y 15 de mayo pr\u00f3ximo en New York, mismo que reuni\u00f3n a cerca de 30 expertos nacionales en materia de bosques. Durante el encuentro, que tuvo una duraci\u00f3n de cinco horas, los participantes dialogaron sobre las&hellip; <a href=\"https:\/\/www.ambienteyenergia.gob.ec\/ambiente\/mae-realizo-taller-preparatorio-para-el-xi-periodo-de-sesiones-del-foro-mundial-de-bosques\/\">Read more &rarr;<\/a><\/p>\n","protected":false},"author":13,"featured_media":25094,"comment_status":"open","ping_status":"open","sticky":false,"template":"","format":"standard","meta":{"footnotes":""},"categories":[16,4],"tags":[724,108,53,725,52,723],"class_list":["post-25093","post","type-post","status-publish","format-standard","has-post-thumbnail","hentry","category-comunicamos","category-noticias","tag-foro-mundial-de-bosques","tag-lorena-tapia","tag-mae","tag-patromonio-natural","tag-socio-bosque","tag-taller-preparatorio","xfolkentry"],"_links":{"self":[{"href":"https:\/\/www.ambienteyenergia.gob.ec\/ambiente\/wp-json\/wp\/v2\/posts\/25093","targetHints":{"allow":["GET"]}}],"collection":[{"href":"https:\/\/www.ambienteyenergia.gob.ec\/ambiente\/wp-json\/wp\/v2\/posts"}],"about":[{"href":"https:\/\/www.ambienteyenergia.gob.ec\/ambiente\/wp-json\/wp\/v2\/types\/post"}],"author":[{"embeddable":true,"href":"https:\/\/www.ambienteyenergia.gob.ec\/ambiente\/wp-json\/wp\/v2\/users\/13"}],"replies":[{"embeddable":true,"href":"https:\/\/www.ambienteyenergia.gob.ec\/ambiente\/wp-json\/wp\/v2\/comments?post=25093"}],"version-history":[{"count":0,"href":"https:\/\/www.ambienteyenergia.gob.ec\/ambiente\/wp-json\/wp\/v2\/posts\/25093\/revisions"}],"wp:featuredmedia":[{"embeddable":true,"href":"https:\/\/www.ambienteyenergia.gob.ec\/ambiente\/wp-json\/wp\/v2\/media\/25094"}],"wp:attachment":[{"href":"https:\/\/www.ambienteyenergia.gob.ec\/ambiente\/wp-json\/wp\/v2\/media?parent=25093"}],"wp:term":[{"taxonomy":"category","embeddable":true,"href":"https:\/\/www.ambienteyenergia.gob.ec\/ambiente\/wp-json\/wp\/v2\/categories?post=25093"},{"taxonomy":"post_tag","embeddable":true,"href":"https:\/\/www.ambienteyenergia.gob.ec\/ambiente\/wp-json\/wp\/v2\/tags?post=25093"}],"curies":[{"name":"wp","href":"https:\/\/api.w.org\/{rel}","templated":true}]}}