{"id":25087,"date":"2015-04-22T16:44:14","date_gmt":"2015-04-22T21:44:14","guid":{"rendered":"http:\/\/www.ambiente.gob.ec\/?p=25087"},"modified":"2015-04-22T16:44:14","modified_gmt":"2015-04-22T21:44:14","slug":"mae-promueve-dialogo-del-sector-forestal-con-miras-a-la-participacion-de-ecuador-en-el-xi-foro-de-bosques-de-las-naciones-unidas","status":"publish","type":"post","link":"https:\/\/www.ambienteyenergia.gob.ec\/ambiente\/mae-promueve-dialogo-del-sector-forestal-con-miras-a-la-participacion-de-ecuador-en-el-xi-foro-de-bosques-de-las-naciones-unidas\/","title":{"rendered":"MAE promueve di\u00e1logo del sector forestal con miras a la participaci\u00f3n de Ecuador en el XI Foro de  Bosques de las Naciones Unidas"},"content":{"rendered":"<p>El Ministerio del Ambiente, en colaboraci\u00f3n con el Ministerio de Relaciones Exteriores y el Ministerio de Agricultura, Ganader\u00eda, Acuacultura y Pesca organizan el taller de an\u00e1lisis y aportes para la posici\u00f3n del pa\u00eds en el Foro de Bosques de las Naciones Unidas, principal instrumento internacional que promueve la conservaci\u00f3n, ordenaci\u00f3n sostenible y manejo forestal sustentable de los bosques, mismo que se realizar\u00e1 entre el 4 y el 14 de mayo de 2014, en New York.<\/p>\n<p>El taller de an\u00e1lisis nacional se desarrollar\u00e1 el pr\u00f3ximo 23 de abril en Quito, de 8:00 a 13:30, y contar\u00e1 con la participaci\u00f3n de propietarios de bosques, beneficiarios del Programa Socio Bosque, gremios del sector empresarial forestal, iniciativas de certificaci\u00f3n forestal, organizaciones de la sociedad civil y expertos en la materia que contribuir\u00e1n con sus criterios en los temas sujetos a discusi\u00f3n en la sede de las Naciones Unidas.<\/p>\n<p>Los temas que se tratar\u00e1n tienen que ver con el nuevo posicionamiento del instrumento internacional del Foro de Bosques, que busca vincularse con los Objetivos de Desarrollo del Milenio (ODS) para un manejo sustentable de los bosques.\/ds<\/p>\n","protected":false},"excerpt":{"rendered":"<p class=\"excerpt\">El Ministerio del Ambiente, en colaboraci\u00f3n con el Ministerio de Relaciones Exteriores y el Ministerio de Agricultura, Ganader\u00eda, Acuacultura y Pesca organizan el taller de an\u00e1lisis y aportes para la posici\u00f3n del pa\u00eds en el Foro de Bosques de las Naciones Unidas, principal instrumento internacional que promueve la conservaci\u00f3n, ordenaci\u00f3n sostenible y manejo forestal sustentable de los bosques, mismo que&hellip; <a href=\"https:\/\/www.ambienteyenergia.gob.ec\/ambiente\/mae-promueve-dialogo-del-sector-forestal-con-miras-a-la-participacion-de-ecuador-en-el-xi-foro-de-bosques-de-las-naciones-unidas\/\">Read more &rarr;<\/a><\/p>\n","protected":false},"author":13,"featured_media":24924,"comment_status":"open","ping_status":"open","sticky":false,"template":"","format":"standard","meta":{"footnotes":""},"categories":[16,4],"tags":[117,722,108,53,712,674],"class_list":["post-25087","post","type-post","status-publish","format-standard","has-post-thumbnail","hentry","category-comunicamos","category-noticias","tag-forestal","tag-foro-bosques","tag-lorena-tapia","tag-mae","tag-patrimonio-natural","tag-taller","xfolkentry"],"_links":{"self":[{"href":"https:\/\/www.ambienteyenergia.gob.ec\/ambiente\/wp-json\/wp\/v2\/posts\/25087","targetHints":{"allow":["GET"]}}],"collection":[{"href":"https:\/\/www.ambienteyenergia.gob.ec\/ambiente\/wp-json\/wp\/v2\/posts"}],"about":[{"href":"https:\/\/www.ambienteyenergia.gob.ec\/ambiente\/wp-json\/wp\/v2\/types\/post"}],"author":[{"embeddable":true,"href":"https:\/\/www.ambienteyenergia.gob.ec\/ambiente\/wp-json\/wp\/v2\/users\/13"}],"replies":[{"embeddable":true,"href":"https:\/\/www.ambienteyenergia.gob.ec\/ambiente\/wp-json\/wp\/v2\/comments?post=25087"}],"version-history":[{"count":0,"href":"https:\/\/www.ambienteyenergia.gob.ec\/ambiente\/wp-json\/wp\/v2\/posts\/25087\/revisions"}],"wp:featuredmedia":[{"embeddable":true,"href":"https:\/\/www.ambienteyenergia.gob.ec\/ambiente\/wp-json\/wp\/v2\/media\/24924"}],"wp:attachment":[{"href":"https:\/\/www.ambienteyenergia.gob.ec\/ambiente\/wp-json\/wp\/v2\/media?parent=25087"}],"wp:term":[{"taxonomy":"category","embeddable":true,"href":"https:\/\/www.ambienteyenergia.gob.ec\/ambiente\/wp-json\/wp\/v2\/categories?post=25087"},{"taxonomy":"post_tag","embeddable":true,"href":"https:\/\/www.ambienteyenergia.gob.ec\/ambiente\/wp-json\/wp\/v2\/tags?post=25087"}],"curies":[{"name":"wp","href":"https:\/\/api.w.org\/{rel}","templated":true}]}}