{"id":25080,"date":"2015-04-22T09:00:20","date_gmt":"2015-04-22T14:00:20","guid":{"rendered":"http:\/\/www.ambiente.gob.ec\/?p=25080"},"modified":"2015-04-22T13:17:36","modified_gmt":"2015-04-22T18:17:36","slug":"mae-celebrara-el-dia-de-la-tierra-en-varias-provincias-del-ecuador","status":"publish","type":"post","link":"https:\/\/www.ambienteyenergia.gob.ec\/ambiente\/mae-celebrara-el-dia-de-la-tierra-en-varias-provincias-del-ecuador\/","title":{"rendered":"MAE celebrar\u00e1 el D\u00eda de la Tierra en varias provincias del Ecuador"},"content":{"rendered":"<p style=\"text-align: justify;\">Cada 22 de Abril, el Ministerio del Ambiente (MAE) celebra el D\u00eda de la Tierra y prepara una serie de actividades en las diferentes provincias del Ecuador, con el fin de concienciar a la ciudadan\u00eda sobre el cuidado del planeta.<\/p>\n<p style=\"text-align: justify;\">La Direcci\u00f3n Provincial de <strong>Azuay<\/strong>\u00a0organiza\u00a0de 10:00 a 11:30, en el Parque Ancestral Pumapungo y\u00a0 en el Zool\u00f3gico Amaru, actividades l\u00fadicas como: concursos de dibujo, exposiciones de los trabajos y la premiaci\u00f3n al acr\u00f3stico ganador. Todas estas actividades se basan en el uso sustentable de los recursos naturales: agua, aire, suelo y la biodiversidad de nuestro pa\u00eds.<\/p>\n<p style=\"text-align: justify;\">As\u00ed mismo, en <strong>Carchi, <\/strong>se realizar\u00e1\u00a0 a las 10:00 el 3er Foro Anual de Iniciativas de Educaci\u00f3n Ambiental en el Sal\u00f3n M\u00e1ximo de Reuniones del Gobierno Aut\u00f3nomo Descentralizado de la provincia del Carchi, con la participaci\u00f3n de t\u00e9cnicos del tema e instituciones p\u00fablicas y privadas. Adem\u00e1s, el 23 de abril, la Direcci\u00f3n Provincial de<strong>\u00a0<\/strong> Carchi organiza una feria ciudadana en el Parque de la Independencia de Tulc\u00e1n de 10:00 a 14:00 para aconsejar a la poblaci\u00f3n sobre acciones concretas para cuidar de nuestro planeta.<\/p>\n<p style=\"text-align: justify;\">Por su parte, la Direcci\u00f3n Provincial de<strong>\u00a0Bol\u00edvar\u00a0<\/strong>trabajar\u00e1 conjuntamente con los j\u00f3venes del Centro Civil Ciudadano y realizar\u00e1 una presentaci\u00f3n de t\u00edteres de 09:00\u00a0a 12:00 en la Unidad Educativa Santa Marianita de Jes\u00fas en\u00a0Guaranda.<\/p>\n<p style=\"text-align: justify;\"><strong>Loja<\/strong>\u00a0conmemorar\u00e1 esta fecha con la exposici\u00f3n \u201celaboraci\u00f3n del Planeta: A mi planeta la tierra yo la miro as\u00ed\u201d que se llevar\u00e1 a cabo en el Hall de la Prefectura de la Provincia de Loja. Adem\u00e1s, establecimientos educativos, instituciones p\u00fablicas y privadas reforestar\u00e1n varias \u00e1reas en Jipiro Alto\u00a0el 25 de abril a las 9:00.<\/p>\n<p style=\"text-align: justify;\">La Direcci\u00f3n Provincial de\u00a0<strong>Pichincha\u00a0<\/strong>trabajar\u00e1 con 120 ni\u00f1os\u00a0de la Unidad Educativa Benjam\u00edn Carri\u00f3n, quienes plasmar\u00e1n en una pancarta \u00a0sus ideas tras la proyecci\u00f3n de un v\u00eddeo con respecto al d\u00eda de la tierra.\u00a0El 25 de abril, se realizar\u00e1 una caminata hacia las zonas altas de la Refugio de Vida Silvestre Pasochoa con personal del Servicio Civil Ciudadano. As\u00ed mismo, el\u00a025 y el 26 de abril\u00a0se proyectar\u00e1 cortos animados con relaci\u00f3n al d\u00eda de la tierra en el Centro de Interpretaci\u00f3n Ambiental\u00a0a las 11:00.<\/p>\n<p style=\"text-align: justify;\">En la provincia verde,\u00a0<strong>Esmeraldas<\/strong>, se realizar\u00e1 una Casa abierta\u00a0de 8:30 a 14:00\u00a0en la \u201cY\u201d del Salto Muisne. Esta actividad se realizar\u00e1 en conjunto con el Refugio de Vida Silvestre Estuario Manglares del r\u00edo Muisne y la Reserva Ecol\u00f3gica Mache Chindul.<\/p>\n<p style=\"text-align: justify;\">Otra \u00e1rea protegida que participar\u00e1 de este d\u00eda es el Refugio de vida silvestre la Chiquita que organizar\u00e1 un Ciclo Paseo llamado \u201c Cicleada por la Tierra\u00bb. La actividad empezar\u00e1 a las 9:00, con la finalidad de involucrar a las instituciones en las diferentes fechas ecol\u00f3gicas que se realicen por parte de la Reserva Ecol\u00f3gica Manglares Cayapas Mataje y el Refugio de Vida Silvestre la Chiquita.<\/p>\n<p style=\"text-align: justify;\">Del mismo modo, en el barrio El Plamar 1, adyacente al Refugio de Vida Silvestre Manglar del Estuario del R\u00edo Esmeraldas, se sembrar\u00e1n \u00e1rboles con la participaci\u00f3n de los moradores y l\u00edderes barriales e instituciones de apoyo con la finalidad de informar y concientizar a los habitantes de la importancia de cuidar y proteger la tierra, as\u00ed como de recuperar el \u00e1rea verde del barrio.<\/p>\n<p style=\"text-align: justify;\">En la provincia de<strong> Esmeraldas<\/strong>, en el cant\u00f3n Quinind\u00e9, en el Naranjal de los Chachis, se dictar\u00e1 una charla de educaci\u00f3n ambiental a las 14:00, donde se expondr\u00e1 la importancia de cuidar el planeta con dramatizaciones, compromisos de los presentes y juegos ecol\u00f3gicos. La charla contar\u00e1 con la participaci\u00f3n del equipo t\u00e9cnico de la Reserva de Vida Silvestre Pambilar.<\/p>\n<p style=\"text-align: justify;\">En <strong>Napo<\/strong>, tambi\u00e9n celebrar\u00e1 el D\u00eda de la Tierra con\u00a0 una presentaci\u00f3n que pretender concienciar al p\u00fablico sobre los retos para preservar el planeta Tierra. El programa se transmitir\u00e1 en la Radio Oriental,\u00a0de 08:00 a 08:30\u00a0en el programa\u00a0 \u201cCuidando Nuestro Ambiente.\u201d<\/p>\n<p style=\"text-align: justify;\">Esta Cartera de Estado programa varias actividades para conmemorar el D\u00eda de la Tierra, con el fin de\u00a0promover la educaci\u00f3n ambiental e invita a la ciudadan\u00eda a ser part\u00edcipe de la misma para adquirir los conocimientos y compromisos necesarios para cuidar al planeta. SJ<\/p>\n","protected":false},"excerpt":{"rendered":"<p class=\"excerpt\">Cada 22 de Abril, el Ministerio del Ambiente (MAE) celebra el D\u00eda de la Tierra y prepara una serie de actividades en las diferentes provincias del Ecuador, con el fin de concienciar a la ciudadan\u00eda sobre el cuidado del planeta. La Direcci\u00f3n Provincial de Azuay\u00a0organiza\u00a0de 10:00 a 11:30, en el Parque Ancestral Pumapungo y\u00a0 en el Zool\u00f3gico Amaru, actividades l\u00fadicas&hellip; <a href=\"https:\/\/www.ambienteyenergia.gob.ec\/ambiente\/mae-celebrara-el-dia-de-la-tierra-en-varias-provincias-del-ecuador\/\">Read more &rarr;<\/a><\/p>\n","protected":false},"author":13,"featured_media":25083,"comment_status":"open","ping_status":"open","sticky":false,"template":"","format":"standard","meta":{"footnotes":""},"categories":[16,4],"tags":[307,387],"class_list":["post-25080","post","type-post","status-publish","format-standard","has-post-thumbnail","hentry","category-comunicamos","category-noticias","tag-dia-de-la-tierra","tag-mae-lorena-tapia","xfolkentry"],"_links":{"self":[{"href":"https:\/\/www.ambienteyenergia.gob.ec\/ambiente\/wp-json\/wp\/v2\/posts\/25080","targetHints":{"allow":["GET"]}}],"collection":[{"href":"https:\/\/www.ambienteyenergia.gob.ec\/ambiente\/wp-json\/wp\/v2\/posts"}],"about":[{"href":"https:\/\/www.ambienteyenergia.gob.ec\/ambiente\/wp-json\/wp\/v2\/types\/post"}],"author":[{"embeddable":true,"href":"https:\/\/www.ambienteyenergia.gob.ec\/ambiente\/wp-json\/wp\/v2\/users\/13"}],"replies":[{"embeddable":true,"href":"https:\/\/www.ambienteyenergia.gob.ec\/ambiente\/wp-json\/wp\/v2\/comments?post=25080"}],"version-history":[{"count":0,"href":"https:\/\/www.ambienteyenergia.gob.ec\/ambiente\/wp-json\/wp\/v2\/posts\/25080\/revisions"}],"wp:featuredmedia":[{"embeddable":true,"href":"https:\/\/www.ambienteyenergia.gob.ec\/ambiente\/wp-json\/wp\/v2\/media\/25083"}],"wp:attachment":[{"href":"https:\/\/www.ambienteyenergia.gob.ec\/ambiente\/wp-json\/wp\/v2\/media?parent=25080"}],"wp:term":[{"taxonomy":"category","embeddable":true,"href":"https:\/\/www.ambienteyenergia.gob.ec\/ambiente\/wp-json\/wp\/v2\/categories?post=25080"},{"taxonomy":"post_tag","embeddable":true,"href":"https:\/\/www.ambienteyenergia.gob.ec\/ambiente\/wp-json\/wp\/v2\/tags?post=25080"}],"curies":[{"name":"wp","href":"https:\/\/api.w.org\/{rel}","templated":true}]}}