{"id":25077,"date":"2015-04-22T12:16:09","date_gmt":"2015-04-22T17:16:09","guid":{"rendered":"http:\/\/www.ambiente.gob.ec\/?p=25077"},"modified":"2015-04-22T12:16:09","modified_gmt":"2015-04-22T17:16:09","slug":"2-millones-de-dolares-seran-destinados-a-restauracion-forestal","status":"publish","type":"post","link":"https:\/\/www.ambienteyenergia.gob.ec\/ambiente\/2-millones-de-dolares-seran-destinados-a-restauracion-forestal\/","title":{"rendered":"2 millones de d\u00f3lares ser\u00e1n destinados a restauraci\u00f3n forestal"},"content":{"rendered":"<p class=\"western\" lang=\"es-ES\"><span style=\"font-size: medium;\">El Ministerio del Ambiente, a trav\u00e9s de la Subsecretar\u00eda de Patrimonio Natural firm\u00f3 ocho convenios de asignaci\u00f3n de recursos no reembolsables para la ejecuci\u00f3n del \u201cPrograma de Restauraci\u00f3n Forestal con fines de conservaci\u00f3n ambiental y protecci\u00f3n de cuencas h\u00eddricas\u201d con Gobiernos Aut\u00f3nomos Descentralizados (GAD) municipales y parroquiales rurales de Imbabura y Carchi. <\/span><\/p>\n<p class=\"western\" lang=\"es-ES\"><span style=\"font-size: medium;\">Con el prop\u00f3sito de establecer un nivel de cambio en el estado de conservaci\u00f3n de espacios naturales, el Programa de Restauraci\u00f3n Forestal tiene por objetivo resguardar y recuperar la biodiversidad en el pa\u00eds. <\/span><\/p>\n<p class=\"western\" lang=\"es-ES\"><span style=\"font-size: medium;\">Como parte de este trabajo se logr\u00f3 concretar cuatro propuestas de restauraci\u00f3n forestal en Imbabura en Urcuqu\u00ed, Tumbabiro, La Carolina y Salinas. Adem\u00e1s cuatro convenios se firmaron con Carchi, en Mont\u00fafar, Crist\u00f3bal Col\u00f3n y Mariscal Sucre.<\/span><\/p>\n<p class=\"western\" lang=\"es-ES\"><span style=\"font-size: medium;\">La inversi\u00f3n total asignada para estas dos provincias asciende a 2 millones 721 mil d\u00f3lares aproximadamente, lo que permitir\u00e1 intervenir un \u00e1rea de 4 282,13 hect\u00e1reas.<\/span><\/p>\n<p class=\"western\" lang=\"es-ES\"><span style=\"font-size: medium;\">Julio Cruz, en representaci\u00f3n de los GAD de Imbabura, reconoci\u00f3 el trabajo del Ministerio del Ambiente en temas de sensibilizaci\u00f3n y conservaci\u00f3n, su compromiso fue el de continuar trabajando de la mano con la autoridad ambiental para fortalecer la gesti\u00f3n forestal a nivel nacional y local.\/da-ds<\/span><\/p>\n","protected":false},"excerpt":{"rendered":"<p class=\"excerpt\">El Ministerio del Ambiente, a trav\u00e9s de la Subsecretar\u00eda de Patrimonio Natural firm\u00f3 ocho convenios de asignaci\u00f3n de recursos no reembolsables para la ejecuci\u00f3n del \u201cPrograma de Restauraci\u00f3n Forestal con fines de conservaci\u00f3n ambiental y protecci\u00f3n de cuencas h\u00eddricas\u201d con Gobiernos Aut\u00f3nomos Descentralizados (GAD) municipales y parroquiales rurales de Imbabura y Carchi. Con el prop\u00f3sito de establecer un nivel de&hellip; <a href=\"https:\/\/www.ambienteyenergia.gob.ec\/ambiente\/2-millones-de-dolares-seran-destinados-a-restauracion-forestal\/\">Read more &rarr;<\/a><\/p>\n","protected":false},"author":13,"featured_media":25078,"comment_status":"open","ping_status":"open","sticky":false,"template":"","format":"standard","meta":{"footnotes":""},"categories":[16,4],"tags":[719,581,108,53,459],"class_list":["post-25077","post","type-post","status-publish","format-standard","has-post-thumbnail","hentry","category-comunicamos","category-noticias","tag-convenios","tag-gad","tag-lorena-tapia","tag-mae","tag-restauracion-forestal","xfolkentry"],"_links":{"self":[{"href":"https:\/\/www.ambienteyenergia.gob.ec\/ambiente\/wp-json\/wp\/v2\/posts\/25077","targetHints":{"allow":["GET"]}}],"collection":[{"href":"https:\/\/www.ambienteyenergia.gob.ec\/ambiente\/wp-json\/wp\/v2\/posts"}],"about":[{"href":"https:\/\/www.ambienteyenergia.gob.ec\/ambiente\/wp-json\/wp\/v2\/types\/post"}],"author":[{"embeddable":true,"href":"https:\/\/www.ambienteyenergia.gob.ec\/ambiente\/wp-json\/wp\/v2\/users\/13"}],"replies":[{"embeddable":true,"href":"https:\/\/www.ambienteyenergia.gob.ec\/ambiente\/wp-json\/wp\/v2\/comments?post=25077"}],"version-history":[{"count":0,"href":"https:\/\/www.ambienteyenergia.gob.ec\/ambiente\/wp-json\/wp\/v2\/posts\/25077\/revisions"}],"wp:featuredmedia":[{"embeddable":true,"href":"https:\/\/www.ambienteyenergia.gob.ec\/ambiente\/wp-json\/wp\/v2\/media\/25078"}],"wp:attachment":[{"href":"https:\/\/www.ambienteyenergia.gob.ec\/ambiente\/wp-json\/wp\/v2\/media?parent=25077"}],"wp:term":[{"taxonomy":"category","embeddable":true,"href":"https:\/\/www.ambienteyenergia.gob.ec\/ambiente\/wp-json\/wp\/v2\/categories?post=25077"},{"taxonomy":"post_tag","embeddable":true,"href":"https:\/\/www.ambienteyenergia.gob.ec\/ambiente\/wp-json\/wp\/v2\/tags?post=25077"}],"curies":[{"name":"wp","href":"https:\/\/api.w.org\/{rel}","templated":true}]}}