{"id":25072,"date":"2015-04-21T21:45:38","date_gmt":"2015-04-22T02:45:38","guid":{"rendered":"http:\/\/www.ambiente.gob.ec\/?p=25072"},"modified":"2015-04-22T09:45:37","modified_gmt":"2015-04-22T14:45:37","slug":"25072","status":"publish","type":"post","link":"https:\/\/www.ambienteyenergia.gob.ec\/ambiente\/25072\/","title":{"rendered":"Cr\u00f3nica de una barbarie impune revela las voces, rostros y vidas que Chevron nunca podr\u00e1 silenciar"},"content":{"rendered":"<p class=\"western\" align=\"JUSTIFY\"><span style=\"font-family: Calibri,serif;\">El reconocido escritor ecuatoriano Esteban Michelena, con el apoyo del Ministerio del Ambiente del Ecuador, present\u00f3 esta noche en el Centro Cultural Itchimb\u00eda su \u00faltimo trabajo literario \u201cCr\u00f3nica de una barbarie impune: los \u00faltimos inocentes del planeta\u201d, obra que demuestra una vez m\u00e1s la estela de dolor y muerte que dej\u00f3 Chevron-Texaco durante los a\u00f1os que realiz\u00f3 sus operaciones en la Amazon\u00eda ecuatoriana.<\/span><\/p>\n<p class=\"western\" align=\"JUSTIFY\"><span style=\"font-family: Calibri,serif;\">Para el autor, \u201cCr\u00f3nica de una barbarie impune: los \u00faltimos inocentes del planeta\u201d este es el resultado de un arduo y conmovedor trabajo que le permiti\u00f3 internase en la selva y escuchar las voces consumadas por la contaminaci\u00f3n de m\u00e1s de 2 millones de hect\u00e1reas de suelo amaz\u00f3nico. Michelena, denuncia que la petrolera estadounidense niega su responsabilidad y evita por todos los medios ser sancionada por las acciones, que de manera negligente, provocaron la peor contaminaci\u00f3n ambiental y las m\u00e1s funestas consecuencias sociales en el Ecuador.<\/span><\/p>\n<p class=\"western\" align=\"JUSTIFY\"><span style=\"font-family: Calibri,serif;\">La presentaci\u00f3n del libro cont\u00f3 con la participaci\u00f3n de Marcos Agila y la enfermera Rosa Moreno, quienes con sus propios relatos hicieron sentir al auditorio los momentos de angustia y desesperaci\u00f3n que han tenido que afrontar en el transcurso de los a\u00f1os.<\/span><\/p>\n<p class=\"western\" align=\"JUSTIFY\"><span style=\"font-family: Calibri,serif;\">Rosa Moreno es lojana y trabaja en el centro de salud de San Carlos, desde hace 30 a\u00f1os, \u201cen esa \u00e9poca todos se ba\u00f1aban en el r\u00edo. Hasta que empezaron a aparecer enfermedades raras, que no se ve\u00edan en otras comunidades. Recuerdo que los ni\u00f1os de la familia Molina perdieron las u\u00f1as de sus manos y a su cuero cabelludo le afect\u00f3 una enfermedad que les dej\u00f3 unas marcas parecidas a las que dejan las quemaduras\u201d.<\/span><\/p>\n<p class=\"western\" align=\"JUSTIFY\"><span style=\"font-family: Calibri,serif;\">Marcos Agila tambi\u00e9n es lojano y lleg\u00f3 a Sucumb\u00edos en 1973, \u00e9l cuenta que cuando reci\u00e9n lleg\u00f3 al Oriente en el r\u00edo se pod\u00eda pescar s\u00e1balo y bocachico de hasta 8 libras, \u201c\u2026con los derrames de petr\u00f3leo los peces desaparecieron. La cosa se pon\u00eda m\u00e1s grave en \u00e9poca de lluvia, el r\u00edo con petr\u00f3leo se desbordaba y contaminaba todo. En 1986 llovi\u00f3 tanto que el r\u00edo creci\u00f3 y se contamin\u00f3 la captaci\u00f3n de agua del pueblo de Dureno\u201d.<\/span><\/p>\n<p class=\"western\" align=\"JUSTIFY\"><span style=\"font-family: Calibri,serif;\">Estas son solo una sencilla pero profunda muestra de lo que esta cr\u00f3nica revela, voces de dolor y desesperaci\u00f3n que por muchos a\u00f1os y hasta ahora han querido ser silenciadas. Gritos inocentes que claman justicia desde lo m\u00e1s profundo de la selva.<\/span><\/p>\n<p class=\"western\" align=\"JUSTIFY\"><span style=\"font-family: Calibri,serif;\">Por su parte, la Ministra del Ambiente Lorena Tapia, ratific\u00f3 el compromiso del Estado ecuatoriano de seguir luchando para que se haga justicia, \u201chace ocho a\u00f1os ya que este gobierno ha acompa\u00f1ado de manera incondicional la causa de los afectados, y ha exigido justicia para ellos y para la naturaleza amaz\u00f3nica, en medio de las mentiras y de la millonaria campa\u00f1a de desprestigio que la petrolera lleva en contra de nuestro pa\u00eds\u201d, destac\u00f3.<\/span><\/p>\n<p class=\"western\" align=\"JUSTIFY\"><span style=\"font-family: Calibri,serif;\">La Secretaria de Estado puntualiz\u00f3 que la contaminaci\u00f3n dejada por la operadora estadounidense no fue un accidente, \u201cla compa\u00f1\u00eda supo siempre, y durante cada minuto que oper\u00f3 en el Ecuador, que dejaba una huella toxica de imborrable sufrimiento\u201d.<\/span><\/p>\n<p class=\"western\" align=\"JUSTIFY\"><span style=\"font-family: Calibri,serif;\">El libro de Esteban Michelena se constituye en un instrumento m\u00e1s para enfrentar la cadena de mentiras con las que Chevron \u2013 Texaco quiere desprestigiar no solo al Gobierno ecuatoriano, sino a un pa\u00eds entero que lo \u00fanico que quiere es se haga justicia.\/am-ds<\/span><\/p>\n","protected":false},"excerpt":{"rendered":"<p class=\"excerpt\">El reconocido escritor ecuatoriano Esteban Michelena, con el apoyo del Ministerio del Ambiente del Ecuador, present\u00f3 esta noche en el Centro Cultural Itchimb\u00eda su \u00faltimo trabajo literario \u201cCr\u00f3nica de una barbarie impune: los \u00faltimos inocentes del planeta\u201d, obra que demuestra una vez m\u00e1s la estela de dolor y muerte que dej\u00f3 Chevron-Texaco durante los a\u00f1os que realiz\u00f3 sus operaciones en&hellip; <a href=\"https:\/\/www.ambienteyenergia.gob.ec\/ambiente\/25072\/\">Read more &rarr;<\/a><\/p>\n","protected":false},"author":13,"featured_media":25073,"comment_status":"open","ping_status":"open","sticky":false,"template":"","format":"standard","meta":{"footnotes":""},"categories":[16,4],"tags":[718,717,716,108,53,299],"class_list":["post-25072","post","type-post","status-publish","format-standard","has-post-thumbnail","hentry","category-comunicamos","category-noticias","tag-caso-chevron","tag-contaminacion-ambiental","tag-libro","tag-lorena-tapia","tag-mae","tag-pras","xfolkentry"],"_links":{"self":[{"href":"https:\/\/www.ambienteyenergia.gob.ec\/ambiente\/wp-json\/wp\/v2\/posts\/25072","targetHints":{"allow":["GET"]}}],"collection":[{"href":"https:\/\/www.ambienteyenergia.gob.ec\/ambiente\/wp-json\/wp\/v2\/posts"}],"about":[{"href":"https:\/\/www.ambienteyenergia.gob.ec\/ambiente\/wp-json\/wp\/v2\/types\/post"}],"author":[{"embeddable":true,"href":"https:\/\/www.ambienteyenergia.gob.ec\/ambiente\/wp-json\/wp\/v2\/users\/13"}],"replies":[{"embeddable":true,"href":"https:\/\/www.ambienteyenergia.gob.ec\/ambiente\/wp-json\/wp\/v2\/comments?post=25072"}],"version-history":[{"count":0,"href":"https:\/\/www.ambienteyenergia.gob.ec\/ambiente\/wp-json\/wp\/v2\/posts\/25072\/revisions"}],"wp:featuredmedia":[{"embeddable":true,"href":"https:\/\/www.ambienteyenergia.gob.ec\/ambiente\/wp-json\/wp\/v2\/media\/25073"}],"wp:attachment":[{"href":"https:\/\/www.ambienteyenergia.gob.ec\/ambiente\/wp-json\/wp\/v2\/media?parent=25072"}],"wp:term":[{"taxonomy":"category","embeddable":true,"href":"https:\/\/www.ambienteyenergia.gob.ec\/ambiente\/wp-json\/wp\/v2\/categories?post=25072"},{"taxonomy":"post_tag","embeddable":true,"href":"https:\/\/www.ambienteyenergia.gob.ec\/ambiente\/wp-json\/wp\/v2\/tags?post=25072"}],"curies":[{"name":"wp","href":"https:\/\/api.w.org\/{rel}","templated":true}]}}