{"id":25069,"date":"2015-04-21T11:02:26","date_gmt":"2015-04-21T16:02:26","guid":{"rendered":"http:\/\/www.ambiente.gob.ec\/?p=25069"},"modified":"2015-04-23T09:03:02","modified_gmt":"2015-04-23T14:03:02","slug":"el-ingreso-a-la-laguna-de-cube-se-encuentra-cerrado-por-deslizamiento-de-tierra-en-la-via-limon","status":"publish","type":"post","link":"https:\/\/www.ambienteyenergia.gob.ec\/ambiente\/el-ingreso-a-la-laguna-de-cube-se-encuentra-cerrado-por-deslizamiento-de-tierra-en-la-via-limon\/","title":{"rendered":"El ingreso a la Laguna de Cube se encuentra cerrado por deslizamiento de tierra en la V\u00eda Lim\u00f3n"},"content":{"rendered":"<p style=\"text-align: justify;\"><span id=\"OBJ_PREFIX_DWT6188_com_zimbra_date\" class=\"Object\">El pasado s\u00e1<\/span>bado <span id=\"OBJ_PREFIX_DWT6189_com_zimbra_date\" class=\"Object\">18 de abril<\/span>, t\u00e9cnicos del Ministerio del Ambiente (MAE) realizaron una inspecci\u00f3n en la v\u00eda El Lim\u00f3n ( Quinind\u00e9, Esmeraldas), donde un deslizamiento de tierra a 1Km \u00bd del l\u00edmite de la Reserva Ecol\u00f3gica Mache Chindul obstaculizo la v\u00eda de acceso a las comunidades y a su principal atractivo natural que es la Laguna de Cube.<\/p>\n<p>Tras una alerta de la comunidad, t\u00e9cnicos de esta Cartera de Estado realizaron una inspecci\u00f3n en la parte afectada de la v\u00eda para determinar si los senderos de la Laguna de Cube se encontraban bloqueados.<\/p>\n<p>Al confirmarse el deslizamiento d e tierra de 150 metros de largo y 60 metros de ancho; a casi dos kil\u00f3metros del l\u00edmite de la Reserva Ecol\u00f3gica Mache Chindul , se determin\u00f3 la zona afectada por la \u00e9poca invernal y al momento se encuentra cerrada por seguridad de los visitantes.<\/p>\n<p>El Ministerio del Ambiente como principal autoridad ambiental del Ecuador informa a la poblaci\u00f3n los trabajos realizados en esta zona y comunicar\u00e1 los avances en la apertura de la v\u00eda. SJ \/EC<\/p>\n","protected":false},"excerpt":{"rendered":"<p class=\"excerpt\">El pasado s\u00e1bado 18 de abril, t\u00e9cnicos del Ministerio del Ambiente (MAE) realizaron una inspecci\u00f3n en la v\u00eda El Lim\u00f3n ( Quinind\u00e9, Esmeraldas), donde un deslizamiento de tierra a 1Km \u00bd del l\u00edmite de la Reserva Ecol\u00f3gica Mache Chindul obstaculizo la v\u00eda de acceso a las comunidades y a su principal atractivo natural que es la Laguna de Cube. Tras&hellip; <a href=\"https:\/\/www.ambienteyenergia.gob.ec\/ambiente\/el-ingreso-a-la-laguna-de-cube-se-encuentra-cerrado-por-deslizamiento-de-tierra-en-la-via-limon\/\">Read more &rarr;<\/a><\/p>\n","protected":false},"author":13,"featured_media":24924,"comment_status":"open","ping_status":"open","sticky":false,"template":"","format":"standard","meta":{"footnotes":""},"categories":[16,4],"tags":[],"class_list":["post-25069","post","type-post","status-publish","format-standard","has-post-thumbnail","hentry","category-comunicamos","category-noticias","xfolkentry"],"_links":{"self":[{"href":"https:\/\/www.ambienteyenergia.gob.ec\/ambiente\/wp-json\/wp\/v2\/posts\/25069","targetHints":{"allow":["GET"]}}],"collection":[{"href":"https:\/\/www.ambienteyenergia.gob.ec\/ambiente\/wp-json\/wp\/v2\/posts"}],"about":[{"href":"https:\/\/www.ambienteyenergia.gob.ec\/ambiente\/wp-json\/wp\/v2\/types\/post"}],"author":[{"embeddable":true,"href":"https:\/\/www.ambienteyenergia.gob.ec\/ambiente\/wp-json\/wp\/v2\/users\/13"}],"replies":[{"embeddable":true,"href":"https:\/\/www.ambienteyenergia.gob.ec\/ambiente\/wp-json\/wp\/v2\/comments?post=25069"}],"version-history":[{"count":0,"href":"https:\/\/www.ambienteyenergia.gob.ec\/ambiente\/wp-json\/wp\/v2\/posts\/25069\/revisions"}],"wp:featuredmedia":[{"embeddable":true,"href":"https:\/\/www.ambienteyenergia.gob.ec\/ambiente\/wp-json\/wp\/v2\/media\/24924"}],"wp:attachment":[{"href":"https:\/\/www.ambienteyenergia.gob.ec\/ambiente\/wp-json\/wp\/v2\/media?parent=25069"}],"wp:term":[{"taxonomy":"category","embeddable":true,"href":"https:\/\/www.ambienteyenergia.gob.ec\/ambiente\/wp-json\/wp\/v2\/categories?post=25069"},{"taxonomy":"post_tag","embeddable":true,"href":"https:\/\/www.ambienteyenergia.gob.ec\/ambiente\/wp-json\/wp\/v2\/tags?post=25069"}],"curies":[{"name":"wp","href":"https:\/\/api.w.org\/{rel}","templated":true}]}}