{"id":25066,"date":"2015-04-20T16:55:28","date_gmt":"2015-04-20T21:55:28","guid":{"rendered":"http:\/\/www.ambiente.gob.ec\/?p=25066"},"modified":"2015-04-20T16:55:28","modified_gmt":"2015-04-20T21:55:28","slug":"mae-realizo-mantenimiento-a-senaletica-de-la-reserva-chimborazo","status":"publish","type":"post","link":"https:\/\/www.ambienteyenergia.gob.ec\/ambiente\/mae-realizo-mantenimiento-a-senaletica-de-la-reserva-chimborazo\/","title":{"rendered":"MAE realiz\u00f3 mantenimiento a se\u00f1al\u00e9tica de la Reserva Chimborazo"},"content":{"rendered":"<p class=\"western\" lang=\"es-MX\" align=\"JUSTIFY\"><span style=\"font-family: Arial,sans-serif;\">La Direcci\u00f3n Provincial del Ambiente de Chimborazo, conjuntamente con <\/span><span style=\"font-family: Arial,sans-serif;\">el <\/span><span style=\"font-family: Arial,sans-serif;\">Municipio de Riobamba <\/span><span style=\"font-family: Arial,sans-serif;\">realizaron<\/span><span style=\"font-family: Arial,sans-serif;\"> la implementaci\u00f3n y mantenimiento de <\/span><span style=\"font-family: Arial,sans-serif;\">se\u00f1al\u00e9tica<\/span><span style=\"font-family: Arial,sans-serif;\"> en diferentes puntos estrat\u00e9gicos <\/span><span style=\"font-family: Arial,sans-serif;\">de la Reserva de Producci\u00f3n de Fauna Chimborazo<\/span><span style=\"font-family: Arial,sans-serif;\">, facilitando <\/span><span style=\"font-family: Arial,sans-serif;\">as\u00ed<\/span><span style=\"font-family: Arial,sans-serif;\"> el acceso de visitantes nacionales y extranjeros al \u00e1rea protegida.<\/span><\/p>\n<p class=\"western\" lang=\"es-MX\" align=\"JUSTIFY\"><span style=\"font-family: Arial,sans-serif;\">Como parte de esta labor se<\/span><span style=\"font-family: Arial,sans-serif;\"> implementa<\/span><span style=\"font-family: Arial,sans-serif;\">ron <\/span><span style=\"font-family: Arial,sans-serif;\">letreros<\/span><span style=\"font-family: Arial,sans-serif;\"> de hormig\u00f3n armado, revestidos de madera cumpliendo con los lineamientos del Patrimonio Natural del Estado (PANE).<\/span><\/p>\n<p class=\"western\" lang=\"es-MX\" align=\"JUSTIFY\"><span style=\"font-family: Arial,sans-serif;\">Entre la se\u00f1alizaci\u00f3n implementada se enfatizaron mensajes de conservaci\u00f3n, de atractivos tur\u00edsticos y de prevenci\u00f3n para evitar el atropellamiento de la vicu\u00f1a. <\/span><span style=\"font-family: Arial,sans-serif;\">S<\/span><span style=\"font-family: Arial,sans-serif;\">e colocaron 10 medios interpretativos a lo largo de la v\u00eda Riobamba \u2013 Guaranda, <\/span><span style=\"font-family: Arial,sans-serif;\">constituy\u00e9ndose en uno de los <\/span><span style=\"font-family: Arial,sans-serif;\">mecanismos<\/span><span style=\"font-family: Arial,sans-serif;\"> que proporciona informaci\u00f3n <\/span><span style=\"font-family: Arial,sans-serif;\">sobre <\/span><span style=\"font-family: Arial,sans-serif;\">los recursos naturales <\/span><span style=\"font-family: Arial,sans-serif;\">del Estado <\/span><span style=\"font-family: Arial,sans-serif;\">y<\/span><span style=\"font-family: Arial,sans-serif;\"> esp<\/span><span style=\"font-family: Arial,sans-serif;\">acios<\/span><span style=\"font-family: Arial,sans-serif;\"> de conservaci\u00f3n, <\/span><span style=\"font-family: Arial,sans-serif;\">con el objetivo de generar conciencia ciudadana<\/span><span style=\"font-family: Arial,sans-serif;\">.<\/span><\/p>\n<p class=\"western\" lang=\"es-MX\" align=\"JUSTIFY\"><span style=\"font-family: Arial,sans-serif;\">E<\/span><span style=\"font-family: Arial,sans-serif;\">st<\/span><span style=\"font-family: Arial,sans-serif;\">os instrumentos<\/span> <span style=\"font-family: Arial,sans-serif;\">busca<\/span><span style=\"font-family: Arial,sans-serif;\">n<\/span><span style=\"font-family: Arial,sans-serif;\"> facilitar el acceso a visitantes nacionales y extranjeros que ingresan al \u00e1rea protegida hacia los atractivos potenciales <\/span><span style=\"font-family: Arial,sans-serif;\">con los que <\/span><span style=\"font-family: Arial,sans-serif;\">cuenta la RPFCH.<\/span><\/p>\n<p class=\"western\" lang=\"es-MX\" align=\"JUSTIFY\"><span style=\"font-family: Arial,sans-serif;\">Con esto el MAE busca Sensibilizar a las personas que hacen uso de la v\u00eda Riobamba-Guaranda mediante se\u00f1al\u00e9tica informativa y direccional que aporte al cuidado y conservaci\u00f3n de<\/span><span style=\"font-family: Arial,sans-serif;\">l Chimborazo.\/xa-ds<\/span><\/p>\n","protected":false},"excerpt":{"rendered":"<p class=\"excerpt\">La Direcci\u00f3n Provincial del Ambiente de Chimborazo, conjuntamente con el Municipio de Riobamba realizaron la implementaci\u00f3n y mantenimiento de se\u00f1al\u00e9tica en diferentes puntos estrat\u00e9gicos de la Reserva de Producci\u00f3n de Fauna Chimborazo, facilitando as\u00ed el acceso de visitantes nacionales y extranjeros al \u00e1rea protegida. Como parte de esta labor se implementaron letreros de hormig\u00f3n armado, revestidos de madera cumpliendo con&hellip; <a href=\"https:\/\/www.ambienteyenergia.gob.ec\/ambiente\/mae-realizo-mantenimiento-a-senaletica-de-la-reserva-chimborazo\/\">Read more &rarr;<\/a><\/p>\n","protected":false},"author":13,"featured_media":25067,"comment_status":"open","ping_status":"open","sticky":false,"template":"","format":"standard","meta":{"footnotes":""},"categories":[16,4],"tags":[101,108,53,713,712,714,715],"class_list":["post-25066","post","type-post","status-publish","format-standard","has-post-thumbnail","hentry","category-comunicamos","category-noticias","tag-chimborazo","tag-lorena-tapia","tag-mae","tag-mantenimiento","tag-patrimonio-natural","tag-senaletica","tag-snap","xfolkentry"],"_links":{"self":[{"href":"https:\/\/www.ambienteyenergia.gob.ec\/ambiente\/wp-json\/wp\/v2\/posts\/25066","targetHints":{"allow":["GET"]}}],"collection":[{"href":"https:\/\/www.ambienteyenergia.gob.ec\/ambiente\/wp-json\/wp\/v2\/posts"}],"about":[{"href":"https:\/\/www.ambienteyenergia.gob.ec\/ambiente\/wp-json\/wp\/v2\/types\/post"}],"author":[{"embeddable":true,"href":"https:\/\/www.ambienteyenergia.gob.ec\/ambiente\/wp-json\/wp\/v2\/users\/13"}],"replies":[{"embeddable":true,"href":"https:\/\/www.ambienteyenergia.gob.ec\/ambiente\/wp-json\/wp\/v2\/comments?post=25066"}],"version-history":[{"count":0,"href":"https:\/\/www.ambienteyenergia.gob.ec\/ambiente\/wp-json\/wp\/v2\/posts\/25066\/revisions"}],"wp:featuredmedia":[{"embeddable":true,"href":"https:\/\/www.ambienteyenergia.gob.ec\/ambiente\/wp-json\/wp\/v2\/media\/25067"}],"wp:attachment":[{"href":"https:\/\/www.ambienteyenergia.gob.ec\/ambiente\/wp-json\/wp\/v2\/media?parent=25066"}],"wp:term":[{"taxonomy":"category","embeddable":true,"href":"https:\/\/www.ambienteyenergia.gob.ec\/ambiente\/wp-json\/wp\/v2\/categories?post=25066"},{"taxonomy":"post_tag","embeddable":true,"href":"https:\/\/www.ambienteyenergia.gob.ec\/ambiente\/wp-json\/wp\/v2\/tags?post=25066"}],"curies":[{"name":"wp","href":"https:\/\/api.w.org\/{rel}","templated":true}]}}