{"id":25063,"date":"2015-04-20T16:10:47","date_gmt":"2015-04-20T21:10:47","guid":{"rendered":"http:\/\/www.ambiente.gob.ec\/?p=25063"},"modified":"2015-04-20T16:10:47","modified_gmt":"2015-04-20T21:10:47","slug":"ecuador-es-ejemplo-para-america-latina-en-materia-forestal","status":"publish","type":"post","link":"https:\/\/www.ambienteyenergia.gob.ec\/ambiente\/ecuador-es-ejemplo-para-america-latina-en-materia-forestal\/","title":{"rendered":"Ecuador es ejemplo para Am\u00e9rica Latina en materia forestal"},"content":{"rendered":"<p>El Ministerio del Ambiente del Ecuador (MAE), particip\u00f3 en la III reuni\u00f3n Regional de Autoridades Forestales de los Pa\u00edses Miembros de la Organizaci\u00f3n del Tratado de Cooperaci\u00f3n Amaz\u00f3nica (OTCA), a m\u00e1s de la Reuni\u00f3n Preparatoria para la XI Sesi\u00f3n del Foro de Naciones Unidas sobre los Bosques (UNFF).<\/p>\n<p>La reuni\u00f3n se llev\u00f3 a cabo en Cochabamba, Bolivia, a la que asistieron adem\u00e1s de Ecuador, Brasil, Colombia, Guyana, Suriname, Per\u00fa, Venezuela, quienes compartieron sus experiencias en temas forestales y logros obtenidos, por medio de la ejecuci\u00f3n de estrategias de conservaci\u00f3n y protecci\u00f3n de la biodiversidad.<\/p>\n<p>El objetivo de este encuentro fue presentar avances, de los pa\u00edses miembros, en el \u00e1mbitos forestales a mediano y corto plazo, con el prop\u00f3sito de trabajar en conjunto para la conservaci\u00f3n del entorno forestal en Am\u00e9rica Latina. Adem\u00e1s es importante reconocer el di\u00e1logo, intercambio y nivelaci\u00f3n de informaci\u00f3n ser\u00e1n parte de las acotaciones que se realizar\u00e1n en la XI Sesi\u00f3n del UNFF, a realizarse en Nueva York, Estados Unidos, entre el 4 y el 15 de mayo del presente a\u00f1o.<\/p>\n<p>Los pa\u00edses participantes de la sesi\u00f3n y el Secretario General de la OTCA reconocieron y felicitaron al Ecuador por los resultados obtenido en temas forestales. Reconoci\u00f3, adem\u00e1s, que son un ejemplo en la regi\u00f3n por el trabajo con el Programa Socio Bosque, el Plan Nacional de Restauraci\u00f3n y control forestal, e invit\u00f3 a que se repliquen este tipo de iniciativas entre los pa\u00edses participantes.\/la-ds<\/p>\n","protected":false},"excerpt":{"rendered":"<p class=\"excerpt\">El Ministerio del Ambiente del Ecuador (MAE), particip\u00f3 en la III reuni\u00f3n Regional de Autoridades Forestales de los Pa\u00edses Miembros de la Organizaci\u00f3n del Tratado de Cooperaci\u00f3n Amaz\u00f3nica (OTCA), a m\u00e1s de la Reuni\u00f3n Preparatoria para la XI Sesi\u00f3n del Foro de Naciones Unidas sobre los Bosques (UNFF). La reuni\u00f3n se llev\u00f3 a cabo en Cochabamba, Bolivia, a la que&hellip; <a href=\"https:\/\/www.ambienteyenergia.gob.ec\/ambiente\/ecuador-es-ejemplo-para-america-latina-en-materia-forestal\/\">Read more &rarr;<\/a><\/p>\n","protected":false},"author":13,"featured_media":25064,"comment_status":"open","ping_status":"open","sticky":false,"template":"","format":"standard","meta":{"footnotes":""},"categories":[16,4],"tags":[709,117,710,108,53,712,711],"class_list":["post-25063","post","type-post","status-publish","format-standard","has-post-thumbnail","hentry","category-comunicamos","category-noticias","tag-encuentro-internacional","tag-forestal","tag-iniciativas-de-conservacion","tag-lorena-tapia","tag-mae","tag-patrimonio-natural","tag-proteccion","xfolkentry"],"_links":{"self":[{"href":"https:\/\/www.ambienteyenergia.gob.ec\/ambiente\/wp-json\/wp\/v2\/posts\/25063","targetHints":{"allow":["GET"]}}],"collection":[{"href":"https:\/\/www.ambienteyenergia.gob.ec\/ambiente\/wp-json\/wp\/v2\/posts"}],"about":[{"href":"https:\/\/www.ambienteyenergia.gob.ec\/ambiente\/wp-json\/wp\/v2\/types\/post"}],"author":[{"embeddable":true,"href":"https:\/\/www.ambienteyenergia.gob.ec\/ambiente\/wp-json\/wp\/v2\/users\/13"}],"replies":[{"embeddable":true,"href":"https:\/\/www.ambienteyenergia.gob.ec\/ambiente\/wp-json\/wp\/v2\/comments?post=25063"}],"version-history":[{"count":0,"href":"https:\/\/www.ambienteyenergia.gob.ec\/ambiente\/wp-json\/wp\/v2\/posts\/25063\/revisions"}],"wp:featuredmedia":[{"embeddable":true,"href":"https:\/\/www.ambienteyenergia.gob.ec\/ambiente\/wp-json\/wp\/v2\/media\/25064"}],"wp:attachment":[{"href":"https:\/\/www.ambienteyenergia.gob.ec\/ambiente\/wp-json\/wp\/v2\/media?parent=25063"}],"wp:term":[{"taxonomy":"category","embeddable":true,"href":"https:\/\/www.ambienteyenergia.gob.ec\/ambiente\/wp-json\/wp\/v2\/categories?post=25063"},{"taxonomy":"post_tag","embeddable":true,"href":"https:\/\/www.ambienteyenergia.gob.ec\/ambiente\/wp-json\/wp\/v2\/tags?post=25063"}],"curies":[{"name":"wp","href":"https:\/\/api.w.org\/{rel}","templated":true}]}}