{"id":25061,"date":"2015-04-20T13:30:41","date_gmt":"2015-04-20T18:30:41","guid":{"rendered":"http:\/\/www.ambiente.gob.ec\/?p=25061"},"modified":"2015-04-21T13:37:27","modified_gmt":"2015-04-21T18:37:27","slug":"ministra-tapia-socializo-avances-en-materia-de-conservacion-ambiental","status":"publish","type":"post","link":"https:\/\/www.ambienteyenergia.gob.ec\/ambiente\/ministra-tapia-socializo-avances-en-materia-de-conservacion-ambiental\/","title":{"rendered":"Ministra Tapia socializ\u00f3 avances en materia de conservaci\u00f3n ambiental"},"content":{"rendered":"<p align=\"JUSTIFY\">La Ministra de Ambiente, Lorena Tapia N\u00fa\u00f1ez, particip\u00f3 del taller \u2013 conversatorio sobre Conservaci\u00f3n, incentivos e inversi\u00f3n privada en las distintas regiones del mundo realizado por la Uni\u00f3n Internacional para la Conservaci\u00f3n de la Naturaleza (UICN).<\/p>\n<p align=\"JUSTIFY\">Con la presencia de delegados internacionales de Centro Am\u00e9rica y el Caribe, Europa, Asia, \u00c1frica y Sudam\u00e9rica, la m\u00e1xima Autoridad Ambiental destac\u00f3 el encuentro como una mecanismo eficaz para hacer eco de iniciativas locales al aporte mundial en materia de conservaci\u00f3n. \u201cEsta es una gran oportunidad de demostrar al mundo que un nuevo modelo de desarrollo es posible, a trav\u00e9s de acciones que integren pol\u00edticas de estado que vinculen los Derechos Ciudadanos y los Derechos Nacionales como una estructura s\u00f3lida, que por primera vez en la historia del pa\u00eds se reconocen como el veh\u00edculo para alcanzar el Buen Vivir\u201d, coment\u00f3.<\/p>\n<p align=\"JUSTIFY\">Ecuador, por medio de la ejecuci\u00f3n del Programa Nacional de Incentivos ha logrado conservar cerca de 1,5 millones de hect\u00e1reas, con un beneficio directo a m\u00e1s 173 mil ciudadanos entre comunidades y propietarios privados.<\/p>\n<p align=\"JUSTIFY\">\u201cLos Estados deben ser capaces de integrar en sus pol\u00edticas nacionales los mecanismos necesarios que garanticen la sostenibilidad financiera de los sectores m\u00e1s vulnerables, optimizando el uso de los recursos naturales, el biocomercio y servicios ecosist\u00e9micos que actualmente demandan de nuestra atenci\u00f3n, pues ese es el camino para anteponer al ser humano y a la naturaleza por sobre el capital\u201d, dijo Tapia.<\/p>\n<p align=\"JUSTIFY\">Durante el evento los representes internacionales tuvieron un espacio en el que pudieron intercambiar experiencias en materia de conservaci\u00f3n, por medio de la participaci\u00f3n ciudadana y el aporte de la empresa privada, que son actores fundamentales para alcanzar los objetivos planteados, pues esto supone un compromiso ambiental estructural a nivel de gesti\u00f3n y gobernanza del patrimonio natural.\/ds<\/p>\n<p align=\"JUSTIFY\"><strong>V\u00edctor Inchausty, Director Regional para Am\u00e9rica del Sur &#8211; UICN<\/strong><\/p>\n<p align=\"JUSTIFY\">\u201cLos procesos de gesti\u00f3n conjunta permiten alcanzar el desarrollo sostenible, por medio del reconocimiento de la biodiversidad, como pol\u00edtica de Estado, ha demostrado, gracias al ejemplo de Ecuador, ser un mecanismo eficaz para mejorar la calidad de vida de la poblaci\u00f3n sin afectar los recursos naturales\u201d.<\/p>\n","protected":false},"excerpt":{"rendered":"<p class=\"excerpt\">La Ministra de Ambiente, Lorena Tapia N\u00fa\u00f1ez, particip\u00f3 del taller \u2013 conversatorio sobre Conservaci\u00f3n, incentivos e inversi\u00f3n privada en las distintas regiones del mundo realizado por la Uni\u00f3n Internacional para la Conservaci\u00f3n de la Naturaleza (UICN). Con la presencia de delegados internacionales de Centro Am\u00e9rica y el Caribe, Europa, Asia, \u00c1frica y Sudam\u00e9rica, la m\u00e1xima Autoridad Ambiental destac\u00f3 el encuentro&hellip; <a href=\"https:\/\/www.ambienteyenergia.gob.ec\/ambiente\/ministra-tapia-socializo-avances-en-materia-de-conservacion-ambiental\/\">Read more &rarr;<\/a><\/p>\n","protected":false},"author":13,"featured_media":25071,"comment_status":"open","ping_status":"open","sticky":false,"template":"","format":"standard","meta":{"footnotes":""},"categories":[16,4],"tags":[309,334,108,53,674,708],"class_list":["post-25061","post","type-post","status-publish","format-standard","has-post-thumbnail","hentry","category-comunicamos","category-noticias","tag-conservacion","tag-incentivos","tag-lorena-tapia","tag-mae","tag-taller","tag-uicn","xfolkentry"],"_links":{"self":[{"href":"https:\/\/www.ambienteyenergia.gob.ec\/ambiente\/wp-json\/wp\/v2\/posts\/25061","targetHints":{"allow":["GET"]}}],"collection":[{"href":"https:\/\/www.ambienteyenergia.gob.ec\/ambiente\/wp-json\/wp\/v2\/posts"}],"about":[{"href":"https:\/\/www.ambienteyenergia.gob.ec\/ambiente\/wp-json\/wp\/v2\/types\/post"}],"author":[{"embeddable":true,"href":"https:\/\/www.ambienteyenergia.gob.ec\/ambiente\/wp-json\/wp\/v2\/users\/13"}],"replies":[{"embeddable":true,"href":"https:\/\/www.ambienteyenergia.gob.ec\/ambiente\/wp-json\/wp\/v2\/comments?post=25061"}],"version-history":[{"count":0,"href":"https:\/\/www.ambienteyenergia.gob.ec\/ambiente\/wp-json\/wp\/v2\/posts\/25061\/revisions"}],"wp:featuredmedia":[{"embeddable":true,"href":"https:\/\/www.ambienteyenergia.gob.ec\/ambiente\/wp-json\/wp\/v2\/media\/25071"}],"wp:attachment":[{"href":"https:\/\/www.ambienteyenergia.gob.ec\/ambiente\/wp-json\/wp\/v2\/media?parent=25061"}],"wp:term":[{"taxonomy":"category","embeddable":true,"href":"https:\/\/www.ambienteyenergia.gob.ec\/ambiente\/wp-json\/wp\/v2\/categories?post=25061"},{"taxonomy":"post_tag","embeddable":true,"href":"https:\/\/www.ambienteyenergia.gob.ec\/ambiente\/wp-json\/wp\/v2\/tags?post=25061"}],"curies":[{"name":"wp","href":"https:\/\/api.w.org\/{rel}","templated":true}]}}