{"id":25059,"date":"2015-04-17T10:27:59","date_gmt":"2015-04-17T15:27:59","guid":{"rendered":"http:\/\/www.ambiente.gob.ec\/?p=25059"},"modified":"2015-04-20T15:29:18","modified_gmt":"2015-04-20T20:29:18","slug":"ministra-tapia-fortalece-compromiso-ambiental-en-cuenca","status":"publish","type":"post","link":"https:\/\/www.ambienteyenergia.gob.ec\/ambiente\/ministra-tapia-fortalece-compromiso-ambiental-en-cuenca\/","title":{"rendered":"Ministra Tapia fortalece compromiso ambiental en Cuenca"},"content":{"rendered":"<p style=\"text-align: justify;\">La Ministra del Ambiente, Lorena Tapia N\u00fa\u00f1ez cumpli\u00f3 una intensa agenda territorial en Cuenca, compartiendo con el sector productivo y empresarial, as\u00ed tambi\u00e9n con la comunidad de Shishio con quienes ratific\u00f3 el compromiso ambiental de este gobierno.<\/p>\n<p style=\"text-align: justify;\">La jornada inici\u00f3 con un desayuno de trabajo en la que la Ministra, acompa\u00f1ada de su equipo t\u00e9cnico, socializ\u00f3 la actualizaci\u00f3n de la normativa de regularizaci\u00f3n ambiental con miembros de las C\u00e1maras de Industrias y Miner\u00eda de la provincia.<\/p>\n<p style=\"text-align: justify;\">La importancia de la simplificaci\u00f3n de los procesos de licenciamiento ambiental es de gran importancia para estos sectores, pues supone una reducci\u00f3n de tiempo en los tr\u00e1mites. Anteriormente este proceso pose\u00eda una categorizaci\u00f3n compleja, cuatro tipos de regularizaci\u00f3n que se identificaban por medio de par\u00e1metros espec\u00edficos para cada actividad productiva que genere impacto ambiental.<\/p>\n<p style=\"text-align: justify;\">\u201cAhora se convierten en dos mecanismos sencillos para obras, proyectos o actividades: registro ambiental (bajo impacto) y licencia ambiental (alto impacto). Con la implementaci\u00f3n de tecnolog\u00eda moderna y pr\u00e1ctica se eliminan al 100% los tiempos de espera, papeleos, intercambio de documentaci\u00f3n y ciertas etapas en los tr\u00e1mites\u201d.<\/p>\n<p style=\"text-align: justify;\">Alrededor del medio d\u00eda, m\u00e1s de 250 alumnos de planteles educativos de los sectores de Nulti, Llatcom, San Juan Pamba, y Chocarsi se congregaron en el cerro Shishio bajo la premisa de \u201cSembrar vida\u201d, al cumplirse 22 a\u00f1os del desastre de la Josefina se realiz\u00f3 la siembra simb\u00f3lica de 400 plantas nativas. La actividad cont\u00f3 con la participaci\u00f3n de miembros del Comit\u00e9 de Cogesti\u00f3n de la Josefina, Alcaldes de los cantones de Cuenca, Paute, Gualaceo quienes han trabajado en conjunto.<\/p>\n<p style=\"text-align: justify;\">3 mil 500 plantas nativas ser\u00e1n sembradas como parte del Proyecto de Remediaci\u00f3n Integral de este lugar que ha sido intervenido con el af\u00e1n de lograr su recuperaci\u00f3n total. Con una efectiva intervenci\u00f3n hasta la fecha se ha realizado el dep\u00f3sito de cerca de 580 mil metros c\u00fabicos de material de relleno en los m\u00e1rgenes de los r\u00edos Cuenca y Jad\u00e1n, con el objetivo de evitar posibles cat\u00e1strofes como la ocurrida en el a\u00f1o de 1993. Las acciones realizadas por esta Cartera de Estado en la zona son parte del Programa de Restauraci\u00f3n Forestal que busca intervenir un total de 330 hect\u00e1reas en La Josefina.<\/p>\n<p style=\"text-align: justify;\">Para cerrar la jornada se realiz\u00f3 la visita a la planta de Nutri Leche para conocer su trabajo y los esfuerzos que realizan para conseguir la Certificaci\u00f3n Ambiental Ecuatoriana Punto Verde a trav\u00e9s de buenas pr\u00e1cticas ambientales y producci\u00f3n m\u00e1s limpia. As\u00ed tambi\u00e9n se recorrieron las instalaciones de Cer\u00e1micas Rialto constatando su compromiso por lograr dos nuevos casos de producci\u00f3n m\u00e1s limpia y as\u00ed lograr la Ecoeficiencia.<\/p>\n<p style=\"text-align: justify;\">El objetivo de esta visita fue fortalecer el compromiso de esta cartera de Estado con los diferentes sectores para generar acciones en pro de un Ecuador Verde.<\/p>\n","protected":false},"excerpt":{"rendered":"<p class=\"excerpt\">La Ministra del Ambiente, Lorena Tapia N\u00fa\u00f1ez cumpli\u00f3 una intensa agenda territorial en Cuenca, compartiendo con el sector productivo y empresarial, as\u00ed tambi\u00e9n con la comunidad de Shishio con quienes ratific\u00f3 el compromiso ambiental de este gobierno. La jornada inici\u00f3 con un desayuno de trabajo en la que la Ministra, acompa\u00f1ada de su equipo t\u00e9cnico, socializ\u00f3 la actualizaci\u00f3n de la&hellip; <a href=\"https:\/\/www.ambienteyenergia.gob.ec\/ambiente\/ministra-tapia-fortalece-compromiso-ambiental-en-cuenca\/\">Read more &rarr;<\/a><\/p>\n","protected":false},"author":13,"featured_media":24924,"comment_status":"open","ping_status":"open","sticky":false,"template":"","format":"standard","meta":{"footnotes":""},"categories":[16,4],"tags":[],"class_list":["post-25059","post","type-post","status-publish","format-standard","has-post-thumbnail","hentry","category-comunicamos","category-noticias","xfolkentry"],"_links":{"self":[{"href":"https:\/\/www.ambienteyenergia.gob.ec\/ambiente\/wp-json\/wp\/v2\/posts\/25059","targetHints":{"allow":["GET"]}}],"collection":[{"href":"https:\/\/www.ambienteyenergia.gob.ec\/ambiente\/wp-json\/wp\/v2\/posts"}],"about":[{"href":"https:\/\/www.ambienteyenergia.gob.ec\/ambiente\/wp-json\/wp\/v2\/types\/post"}],"author":[{"embeddable":true,"href":"https:\/\/www.ambienteyenergia.gob.ec\/ambiente\/wp-json\/wp\/v2\/users\/13"}],"replies":[{"embeddable":true,"href":"https:\/\/www.ambienteyenergia.gob.ec\/ambiente\/wp-json\/wp\/v2\/comments?post=25059"}],"version-history":[{"count":0,"href":"https:\/\/www.ambienteyenergia.gob.ec\/ambiente\/wp-json\/wp\/v2\/posts\/25059\/revisions"}],"wp:featuredmedia":[{"embeddable":true,"href":"https:\/\/www.ambienteyenergia.gob.ec\/ambiente\/wp-json\/wp\/v2\/media\/24924"}],"wp:attachment":[{"href":"https:\/\/www.ambienteyenergia.gob.ec\/ambiente\/wp-json\/wp\/v2\/media?parent=25059"}],"wp:term":[{"taxonomy":"category","embeddable":true,"href":"https:\/\/www.ambienteyenergia.gob.ec\/ambiente\/wp-json\/wp\/v2\/categories?post=25059"},{"taxonomy":"post_tag","embeddable":true,"href":"https:\/\/www.ambienteyenergia.gob.ec\/ambiente\/wp-json\/wp\/v2\/tags?post=25059"}],"curies":[{"name":"wp","href":"https:\/\/api.w.org\/{rel}","templated":true}]}}