{"id":25057,"date":"2015-04-17T14:51:43","date_gmt":"2015-04-17T19:51:43","guid":{"rendered":"http:\/\/www.ambiente.gob.ec\/?p=25057"},"modified":"2015-04-17T14:51:43","modified_gmt":"2015-04-17T19:51:43","slug":"ministra-tapia-se-reunio-con-representantes-de-medios-de-comunicacion-en-quito","status":"publish","type":"post","link":"https:\/\/www.ambienteyenergia.gob.ec\/ambiente\/ministra-tapia-se-reunio-con-representantes-de-medios-de-comunicacion-en-quito\/","title":{"rendered":"Ministra Tapia se reuni\u00f3 con representantes de medios de comunicaci\u00f3n en Quito"},"content":{"rendered":"<p align=\"JUSTIFY\">Lorena Tapia N\u00fa\u00f1ez, Ministra del Ambiente, se reuni\u00f3 esta ma\u00f1ana con representantes de diferentes medios de comunicaci\u00f3n, con la finalidad de socializar las modificaciones realizadas al Texto Unificado de Legislaci\u00f3n Secundaria (TULAS), que recoge la reglamentaci\u00f3n de varios cuerpos legales.<\/p>\n<p align=\"JUSTIFY\">La Ley de Gesti\u00f3n Ambiental, que se encuentra en el libro VI del TULAS, establece los procedimientos para regular actividades y responsabilidades p\u00fablicas y privadas en materia de calidad ambiental, entendiendo a esta como el conjunto de caracter\u00edsticas del ambiente y la naturaleza que incluye el aire, el agua, el suelo y la biodiversidad, en relaci\u00f3n a la ausencia o presencia de agentes nocivos que puedan afectar al mantenimiento y regeneraci\u00f3n de los ciclos vitales, estructura, funciones y procesos evolutivos de la naturaleza.<\/p>\n<p align=\"JUSTIFY\">En el marco de este conversatorio se trat\u00f3 las mejoras en el proceso de Regularizaci\u00f3n Ambiental que el Ministerio del Ambiente ha realizado tras un an\u00e1lisis exhaustivo de sus procesos como complemento del cambio de la matriz productiva; as\u00ed como, la implementaci\u00f3n de tecnolog\u00eda que permite eliminar al 100% los tiempos de espera, papeleos e intercambio de documentaci\u00f3n.<\/p>\n<p align=\"JUSTIFY\">Actualmente, el Certificado Ambiental, el Certificado de Intersecci\u00f3n, Registro Ambiental y Licencia Ambiental se lo puede obtener a trav\u00e9s de Sistema \u00danico de Informaci\u00f3n Ambiental (SUIA). El uso de esta herramienta permite tomar decisiones de manera m\u00e1s estrat\u00e9gica, renovando al Ministerio del Ambiente como una instituci\u00f3n orientada al control fortalecido y efectivo hacia los esfuerzos de alto riesgo ambiental.<\/p>\n<p align=\"JUSTIFY\">Espec\u00edficamente, en el tema de Registro Ambiental, el MAE ha considerado las observaciones realizadas por el Presidente de la Rep\u00fablica, Rafael Correa, quien se\u00f1al\u00f3 que se deben plantear cambios en esta normativa, con el objetivo de simplificar los procesos, facilitando al usuario la obtenci\u00f3n del mismo.<\/p>\n<p align=\"JUSTIFY\">Con este conversatorio se busca que los medios de comunicaci\u00f3n posean las herramientas necesarias para contribuir con el proceso de socializaci\u00f3n de los elementos normativos y regulatorios que esta Cartera de Estado ha actualizado a fin de mejorar, efectivizar y agilizar la acreditaci\u00f3n de todo proceso productivo que genere impacto ambiental.\/mh-ds<\/p>\n","protected":false},"excerpt":{"rendered":"<p class=\"excerpt\">Lorena Tapia N\u00fa\u00f1ez, Ministra del Ambiente, se reuni\u00f3 esta ma\u00f1ana con representantes de diferentes medios de comunicaci\u00f3n, con la finalidad de socializar las modificaciones realizadas al Texto Unificado de Legislaci\u00f3n Secundaria (TULAS), que recoge la reglamentaci\u00f3n de varios cuerpos legales. La Ley de Gesti\u00f3n Ambiental, que se encuentra en el libro VI del TULAS, establece los procedimientos para regular actividades&hellip; <a href=\"https:\/\/www.ambienteyenergia.gob.ec\/ambiente\/ministra-tapia-se-reunio-con-representantes-de-medios-de-comunicacion-en-quito\/\">Read more &rarr;<\/a><\/p>\n","protected":false},"author":13,"featured_media":24924,"comment_status":"open","ping_status":"open","sticky":false,"template":"","format":"standard","meta":{"footnotes":""},"categories":[16,4],"tags":[704,108,53,705,707,706,351],"class_list":["post-25057","post","type-post","status-publish","format-standard","has-post-thumbnail","hentry","category-comunicamos","category-noticias","tag-conversatorios","tag-lorena-tapia","tag-mae","tag-medios-de-comunicacion","tag-normativa-ambiental","tag-socializacion","tag-tulas","xfolkentry"],"_links":{"self":[{"href":"https:\/\/www.ambienteyenergia.gob.ec\/ambiente\/wp-json\/wp\/v2\/posts\/25057","targetHints":{"allow":["GET"]}}],"collection":[{"href":"https:\/\/www.ambienteyenergia.gob.ec\/ambiente\/wp-json\/wp\/v2\/posts"}],"about":[{"href":"https:\/\/www.ambienteyenergia.gob.ec\/ambiente\/wp-json\/wp\/v2\/types\/post"}],"author":[{"embeddable":true,"href":"https:\/\/www.ambienteyenergia.gob.ec\/ambiente\/wp-json\/wp\/v2\/users\/13"}],"replies":[{"embeddable":true,"href":"https:\/\/www.ambienteyenergia.gob.ec\/ambiente\/wp-json\/wp\/v2\/comments?post=25057"}],"version-history":[{"count":0,"href":"https:\/\/www.ambienteyenergia.gob.ec\/ambiente\/wp-json\/wp\/v2\/posts\/25057\/revisions"}],"wp:featuredmedia":[{"embeddable":true,"href":"https:\/\/www.ambienteyenergia.gob.ec\/ambiente\/wp-json\/wp\/v2\/media\/24924"}],"wp:attachment":[{"href":"https:\/\/www.ambienteyenergia.gob.ec\/ambiente\/wp-json\/wp\/v2\/media?parent=25057"}],"wp:term":[{"taxonomy":"category","embeddable":true,"href":"https:\/\/www.ambienteyenergia.gob.ec\/ambiente\/wp-json\/wp\/v2\/categories?post=25057"},{"taxonomy":"post_tag","embeddable":true,"href":"https:\/\/www.ambienteyenergia.gob.ec\/ambiente\/wp-json\/wp\/v2\/tags?post=25057"}],"curies":[{"name":"wp","href":"https:\/\/api.w.org\/{rel}","templated":true}]}}