{"id":25054,"date":"2015-04-16T16:21:32","date_gmt":"2015-04-16T21:21:32","guid":{"rendered":"http:\/\/www.ambiente.gob.ec\/?p=25054"},"modified":"2015-04-16T16:21:32","modified_gmt":"2015-04-16T21:21:32","slug":"mae-realiza-trabajos-de-mantenimiento-y-readecuacion-en-sitios-de-visita-de-la-isla-floreana","status":"publish","type":"post","link":"https:\/\/www.ambienteyenergia.gob.ec\/ambiente\/mae-realiza-trabajos-de-mantenimiento-y-readecuacion-en-sitios-de-visita-de-la-isla-floreana\/","title":{"rendered":"MAE realiza trabajos de mantenimiento y readecuaci\u00f3n en sitios de visita de la Isla Floreana"},"content":{"rendered":"<p style=\"text-align: justify;\">Con el objetivo de prevenir que las condiciones clim\u00e1ticas de la temporada invernal afecten el acceso y la infraestructura de los sitios tur\u00edsticos ubicados en la Isla Floreana; el Ministerio del Ambiente del Ecuador (MAE), a trav\u00e9s de los guardaparques de la Oficina T\u00e9cnica Floreana de la Direcci\u00f3n del Parque Nacional Gal\u00e1pagos, desarrollaron varias actividades.<\/p>\n<p style=\"text-align: justify;\">Entre los trabajos ejecutados, constan el mantenimiento y readecuaci\u00f3n del sendero de la galapaguera \u00abAsilo de la Paz\u00bb ubicado en la parte alta de la isla. En este lugar, se realiz\u00f3 el control de especies invasoras, se despej\u00f3 el camino y se delimit\u00f3 el sendero con material p\u00e9treo para facilitar el tr\u00e1nsito y garantizar la seguridad de los visitantes y el bienestar de las tortugas gigantes.<\/p>\n<p style=\"text-align: justify;\">Trabajos similares se desarrollaron en el sendero de acceso a \u00abLas Cuevas\u00bb, la Lober\u00eda y Cerro Allieri; sitios en los que tambi\u00e9n se coloc\u00f3 se\u00f1al\u00e9tica de identificaci\u00f3n del recorrido y se remarc\u00f3 los l\u00edmites del \u00c1rea Protegida.<\/p>\n<p style=\"text-align: justify;\">Mientras que en el \u00e1rea marina, los guardaparques ejecutan controles peri\u00f3dicos de las actividades que se realizan en los diferentes puntos de la Isla. En este marco, la Direcci\u00f3n del Parque Nacional Gal\u00e1pagos (DPNG) inspecciona las embarcaciones que operan en la zona, con el fin de confirmar que cuenten con los documentos en regla.<\/p>\n<p style=\"text-align: justify;\">Mediante estas acciones el Ministerio del Ambiente garantiza la seguridad y buen servicio a turistas nacionales y extranjeros que visitan la Isla. \/\/MH<\/p>\n","protected":false},"excerpt":{"rendered":"<p class=\"excerpt\">Con el objetivo de prevenir que las condiciones clim\u00e1ticas de la temporada invernal afecten el acceso y la infraestructura de los sitios tur\u00edsticos ubicados en la Isla Floreana; el Ministerio del Ambiente del Ecuador (MAE), a trav\u00e9s de los guardaparques de la Oficina T\u00e9cnica Floreana de la Direcci\u00f3n del Parque Nacional Gal\u00e1pagos, desarrollaron varias actividades. Entre los trabajos ejecutados, constan&hellip; <a href=\"https:\/\/www.ambienteyenergia.gob.ec\/ambiente\/mae-realiza-trabajos-de-mantenimiento-y-readecuacion-en-sitios-de-visita-de-la-isla-floreana\/\">Read more &rarr;<\/a><\/p>\n","protected":false},"author":13,"featured_media":24924,"comment_status":"open","ping_status":"open","sticky":false,"template":"","format":"standard","meta":{"footnotes":""},"categories":[16,4],"tags":[],"class_list":["post-25054","post","type-post","status-publish","format-standard","has-post-thumbnail","hentry","category-comunicamos","category-noticias","xfolkentry"],"_links":{"self":[{"href":"https:\/\/www.ambienteyenergia.gob.ec\/ambiente\/wp-json\/wp\/v2\/posts\/25054","targetHints":{"allow":["GET"]}}],"collection":[{"href":"https:\/\/www.ambienteyenergia.gob.ec\/ambiente\/wp-json\/wp\/v2\/posts"}],"about":[{"href":"https:\/\/www.ambienteyenergia.gob.ec\/ambiente\/wp-json\/wp\/v2\/types\/post"}],"author":[{"embeddable":true,"href":"https:\/\/www.ambienteyenergia.gob.ec\/ambiente\/wp-json\/wp\/v2\/users\/13"}],"replies":[{"embeddable":true,"href":"https:\/\/www.ambienteyenergia.gob.ec\/ambiente\/wp-json\/wp\/v2\/comments?post=25054"}],"version-history":[{"count":0,"href":"https:\/\/www.ambienteyenergia.gob.ec\/ambiente\/wp-json\/wp\/v2\/posts\/25054\/revisions"}],"wp:featuredmedia":[{"embeddable":true,"href":"https:\/\/www.ambienteyenergia.gob.ec\/ambiente\/wp-json\/wp\/v2\/media\/24924"}],"wp:attachment":[{"href":"https:\/\/www.ambienteyenergia.gob.ec\/ambiente\/wp-json\/wp\/v2\/media?parent=25054"}],"wp:term":[{"taxonomy":"category","embeddable":true,"href":"https:\/\/www.ambienteyenergia.gob.ec\/ambiente\/wp-json\/wp\/v2\/categories?post=25054"},{"taxonomy":"post_tag","embeddable":true,"href":"https:\/\/www.ambienteyenergia.gob.ec\/ambiente\/wp-json\/wp\/v2\/tags?post=25054"}],"curies":[{"name":"wp","href":"https:\/\/api.w.org\/{rel}","templated":true}]}}