{"id":25051,"date":"2015-04-16T11:50:33","date_gmt":"2015-04-16T16:50:33","guid":{"rendered":"http:\/\/www.ambiente.gob.ec\/?p=25051"},"modified":"2015-04-16T12:11:16","modified_gmt":"2015-04-16T17:11:16","slug":"necropsia-a-tiburon-ballena-arroja-resultados-preliminares","status":"publish","type":"post","link":"https:\/\/www.ambienteyenergia.gob.ec\/ambiente\/necropsia-a-tiburon-ballena-arroja-resultados-preliminares\/","title":{"rendered":"Necropsia a tibur\u00f3n ballena arroja resultados preliminares"},"content":{"rendered":"<p style=\"text-align: justify;\">Pese a los esfuerzos realizados por m\u00e1s de 100 voluntarios para ayudar a que el tibur\u00f3n ballena, varado en la playa Santa Marianita, ubicada a 30 minutos al sur de Manta, vuelva a alta mar este esp\u00e9cimen falleci\u00f3.<\/p>\n<p style=\"text-align: justify;\">Como parte de las acciones que el Ministerio del Ambiente realiza para determinar las causas reales de la muerte del esp\u00e9cimen marino, bi\u00f3logos especialistas en vida marina iniciaron la necropsia bajo estrictas normas de bioseguridad.<\/p>\n<p style=\"text-align: justify;\">El cuerpo del tibur\u00f3n ballena fue trasladado en una plataforma de carga hacia el sector de la Calabaza, en donde se inici\u00f3 el procedimiento bajo protocolos de seguridad internacionales, pues al desconocer las causas del fallecimiento, el esp\u00e9cimen muerto pude suponer un grave riesgo para la salud humana de quienes no cumplan con estos lineamientos de seguridad.<\/p>\n<p style=\"text-align: justify;\">Durante este trabajo, se pudo descart\u00f3 que el tibur\u00f3n haya muerto debido al golpe que presentaba en la parte frontal de su cabeza. Esta primera valoraci\u00f3n permiti\u00f3 identificar una abundancia de hemorragia severa en diferentes \u00f3rganos internos como el est\u00f3mago, ri\u00f1\u00f3n, \u00fatero, ovario, p\u00e1ncreas, intestino delgado, h\u00edgado, bazo y ves\u00edcula biliar; tambi\u00e9n se encontr\u00f3 este tipo de sangrado en tejidos como el mesenterio y mucosa estomacal e intestinal, lo que permite afirmar, de manera preliminar que este esp\u00e9cimen falleci\u00f3 a causa de una septicemia bacteriana que inici\u00f3 a nivel del \u00f3rgano reproductor.<\/p>\n<p style=\"text-align: justify;\">Las muestras obtenidas durante el procedimiento ser\u00e1n derivadas hasta un centro de an\u00e1lisis especializado. Al momento se coordina con el Centro de An\u00e1lisis de la Universidad San Francisco de Quito. Mientras que las muestras de Isotopos la realizar\u00e1 la Fundaci\u00f3n Pac\u00edfic Whale con quien se ha coordinado este trabajo.\/ds<\/p>\n<p style=\"text-align: justify;\"><strong>El Dato<\/strong><\/p>\n<p style=\"text-align: justify;\">El tibur\u00f3n ballena que pesaba aproximadamente 18 toneladas y media cerca de 12 metros fue sepultado ayer en una fosa recubierta de geomembrana, en la zona de la Calabaza, con el objetivo de evitar posibles afectaciones a la salud de la poblaci\u00f3n del lugar y de turistas.<\/p>\n","protected":false},"excerpt":{"rendered":"<p class=\"excerpt\">Pese a los esfuerzos realizados por m\u00e1s de 100 voluntarios para ayudar a que el tibur\u00f3n ballena, varado en la playa Santa Marianita, ubicada a 30 minutos al sur de Manta, vuelva a alta mar este esp\u00e9cimen falleci\u00f3. Como parte de las acciones que el Ministerio del Ambiente realiza para determinar las causas reales de la muerte del esp\u00e9cimen marino,&hellip; <a href=\"https:\/\/www.ambienteyenergia.gob.ec\/ambiente\/necropsia-a-tiburon-ballena-arroja-resultados-preliminares\/\">Read more &rarr;<\/a><\/p>\n","protected":false},"author":13,"featured_media":24924,"comment_status":"open","ping_status":"open","sticky":false,"template":"","format":"standard","meta":{"footnotes":""},"categories":[16,4],"tags":[],"class_list":["post-25051","post","type-post","status-publish","format-standard","has-post-thumbnail","hentry","category-comunicamos","category-noticias","xfolkentry"],"_links":{"self":[{"href":"https:\/\/www.ambienteyenergia.gob.ec\/ambiente\/wp-json\/wp\/v2\/posts\/25051","targetHints":{"allow":["GET"]}}],"collection":[{"href":"https:\/\/www.ambienteyenergia.gob.ec\/ambiente\/wp-json\/wp\/v2\/posts"}],"about":[{"href":"https:\/\/www.ambienteyenergia.gob.ec\/ambiente\/wp-json\/wp\/v2\/types\/post"}],"author":[{"embeddable":true,"href":"https:\/\/www.ambienteyenergia.gob.ec\/ambiente\/wp-json\/wp\/v2\/users\/13"}],"replies":[{"embeddable":true,"href":"https:\/\/www.ambienteyenergia.gob.ec\/ambiente\/wp-json\/wp\/v2\/comments?post=25051"}],"version-history":[{"count":0,"href":"https:\/\/www.ambienteyenergia.gob.ec\/ambiente\/wp-json\/wp\/v2\/posts\/25051\/revisions"}],"wp:featuredmedia":[{"embeddable":true,"href":"https:\/\/www.ambienteyenergia.gob.ec\/ambiente\/wp-json\/wp\/v2\/media\/24924"}],"wp:attachment":[{"href":"https:\/\/www.ambienteyenergia.gob.ec\/ambiente\/wp-json\/wp\/v2\/media?parent=25051"}],"wp:term":[{"taxonomy":"category","embeddable":true,"href":"https:\/\/www.ambienteyenergia.gob.ec\/ambiente\/wp-json\/wp\/v2\/categories?post=25051"},{"taxonomy":"post_tag","embeddable":true,"href":"https:\/\/www.ambienteyenergia.gob.ec\/ambiente\/wp-json\/wp\/v2\/tags?post=25051"}],"curies":[{"name":"wp","href":"https:\/\/api.w.org\/{rel}","templated":true}]}}