{"id":25044,"date":"2015-04-14T17:00:46","date_gmt":"2015-04-14T22:00:46","guid":{"rendered":"http:\/\/www.ambiente.gob.ec\/?p=25044"},"modified":"2015-04-15T08:26:14","modified_gmt":"2015-04-15T13:26:14","slug":"mae-realizara-auditoria-al-trabajo-del-municipio-de-guayaquil-en-monte-sinai","status":"publish","type":"post","link":"https:\/\/www.ambienteyenergia.gob.ec\/ambiente\/mae-realizara-auditoria-al-trabajo-del-municipio-de-guayaquil-en-monte-sinai\/","title":{"rendered":"MAE realizar\u00e1 auditor\u00eda al trabajo del Municipio de Guayaquil en Monte Sina\u00ed"},"content":{"rendered":"<p>Hoy en Guayaquil, se realiz\u00f3 una rueda de prensa presidida por la Gobernaci\u00f3n del Guayas junto con el Ministerio del Ambiente del Ecuador (MAE), la Secretar\u00eda de Gesti\u00f3n de Riesgos y SENAGUA para tratar sobre los botaderos ilegales de basura que se encuentran en Monte Sina\u00ed que se han convertido en un notable problema ambiental en esta ciudad.<\/p>\n<p>Estudios del MAE verifican la existencia de acumulaci\u00f3n de desechos s\u00f3lidos entre los que se encuentran: rastros de hidrocarburos, mallas met\u00e1licas, materia org\u00e1nica en descomposici\u00f3n; adem\u00e1s de desechos pl\u00e1sticos en el muro de cerramiento del canal de trasvase Chong\u00f3n- Santa Elena. \u201cTodos los desechos que encontramos en Monte Sina\u00ed, sin duda son un gran peligro para la poblaci\u00f3n, no solo hablando de un problema de salud, sino tambi\u00e9n por el riesgo de que esta basura llegue a tapar el desfogadero del trasvase, que puede causar el colapso del mismo\u201d asegur\u00f3 el representante de la Secretar\u00eda de Gesti\u00f3n de Riesgos.<\/p>\n<p>Por su parte, el Ing. Pablo Segale, Director Provincial del Ambiente en Guayas, expuso las responsabilidades que tienen los Gobiernos Aut\u00f3nomos Descentralizados Municipales. En el Acuerdo Ministerial 028, art. 61, se se\u00f1ala que dichas entidades (\u2026) \u00abGarantizar\u00e1n el manejo integral de residuos y\/o desechos s\u00f3lidos generados en el \u00e1rea de su competencia, ya sea por administraci\u00f3n o mediante contratos con empresas p\u00fablicas o privadas; promoviendo la minimizaci\u00f3n en la generaci\u00f3n de residuos y\/o desechos s\u00f3lidos, la separaci\u00f3n en la fuente, procedimientos adecuados para barrido y recolecci\u00f3n, transporte, almacenamiento temporal de ser el caso, acopio y\/o transferencia; fomentar su aprovechamiento, dar adecuado tratamiento y correcta disposici\u00f3n final de los desechos que no pueden ingresar nuevamente a un ciclo de vida productivo\u00bb (&#8230;)<\/p>\n<p>El Municipio de Guayaquil adquiri\u00f3 la acreditaci\u00f3n en el a\u00f1o 2008, misma que fue renovada el 2011. Por ello, el Ing. Segale se\u00f1al\u00f3 que \u201cEl MAE proceder\u00e1 a emitir la notificaci\u00f3n de inicio de una auditor\u00eda de Gesti\u00f3n para evaluar el nivel de control y prevenci\u00f3n de la contaminaci\u00f3n ambiental que est\u00e1 ejerciendo el Municipio de Guayaquil\u201d.<\/p>\n<p>El Ministerio del Ambiente iniciar\u00e1 de inmediato con las acciones establecidas en la Ley, con la finalidad de determinar los focos de contaminaci\u00f3n dentro de la zona y cerciorarse de que se solucionar\u00e1 el inconveniente. \/\/MH<\/p>\n","protected":false},"excerpt":{"rendered":"<p class=\"excerpt\">Hoy en Guayaquil, se realiz\u00f3 una rueda de prensa presidida por la Gobernaci\u00f3n del Guayas junto con el Ministerio del Ambiente del Ecuador (MAE), la Secretar\u00eda de Gesti\u00f3n de Riesgos y SENAGUA para tratar sobre los botaderos ilegales de basura que se encuentran en Monte Sina\u00ed que se han convertido en un notable problema ambiental en esta ciudad. Estudios del&hellip; <a href=\"https:\/\/www.ambienteyenergia.gob.ec\/ambiente\/mae-realizara-auditoria-al-trabajo-del-municipio-de-guayaquil-en-monte-sinai\/\">Read more &rarr;<\/a><\/p>\n","protected":false},"author":13,"featured_media":24924,"comment_status":"open","ping_status":"open","sticky":false,"template":"","format":"standard","meta":{"footnotes":""},"categories":[16,4],"tags":[701,68,108,53,702],"class_list":["post-25044","post","type-post","status-publish","format-standard","has-post-thumbnail","hentry","category-comunicamos","category-noticias","tag-auditoria","tag-guayaquil","tag-lorena-tapia","tag-mae","tag-monte-sinai","xfolkentry"],"_links":{"self":[{"href":"https:\/\/www.ambienteyenergia.gob.ec\/ambiente\/wp-json\/wp\/v2\/posts\/25044","targetHints":{"allow":["GET"]}}],"collection":[{"href":"https:\/\/www.ambienteyenergia.gob.ec\/ambiente\/wp-json\/wp\/v2\/posts"}],"about":[{"href":"https:\/\/www.ambienteyenergia.gob.ec\/ambiente\/wp-json\/wp\/v2\/types\/post"}],"author":[{"embeddable":true,"href":"https:\/\/www.ambienteyenergia.gob.ec\/ambiente\/wp-json\/wp\/v2\/users\/13"}],"replies":[{"embeddable":true,"href":"https:\/\/www.ambienteyenergia.gob.ec\/ambiente\/wp-json\/wp\/v2\/comments?post=25044"}],"version-history":[{"count":0,"href":"https:\/\/www.ambienteyenergia.gob.ec\/ambiente\/wp-json\/wp\/v2\/posts\/25044\/revisions"}],"wp:featuredmedia":[{"embeddable":true,"href":"https:\/\/www.ambienteyenergia.gob.ec\/ambiente\/wp-json\/wp\/v2\/media\/24924"}],"wp:attachment":[{"href":"https:\/\/www.ambienteyenergia.gob.ec\/ambiente\/wp-json\/wp\/v2\/media?parent=25044"}],"wp:term":[{"taxonomy":"category","embeddable":true,"href":"https:\/\/www.ambienteyenergia.gob.ec\/ambiente\/wp-json\/wp\/v2\/categories?post=25044"},{"taxonomy":"post_tag","embeddable":true,"href":"https:\/\/www.ambienteyenergia.gob.ec\/ambiente\/wp-json\/wp\/v2\/tags?post=25044"}],"curies":[{"name":"wp","href":"https:\/\/api.w.org\/{rel}","templated":true}]}}