{"id":25031,"date":"2015-04-14T12:51:01","date_gmt":"2015-04-14T17:51:01","guid":{"rendered":"http:\/\/www.ambiente.gob.ec\/?p=25031"},"modified":"2015-04-14T14:51:28","modified_gmt":"2015-04-14T19:51:28","slug":"mae-trabaja-para-retirar-tiburon-ballena-varado-en-costas-manabitas","status":"publish","type":"post","link":"https:\/\/www.ambienteyenergia.gob.ec\/ambiente\/mae-trabaja-para-retirar-tiburon-ballena-varado-en-costas-manabitas\/","title":{"rendered":"MAE trabaja para retirar tibur\u00f3n ballena varado en costas manabitas"},"content":{"rendered":"<p>Ayer, el Ministerio del Ambiente de Ecuador (MAE) fue alertado sobre un tibur\u00f3n ballena (<i>Rhincodon typus) <\/i>varado en las costas de Santa Marianita, Manab\u00ed.<\/p>\n<p>Guardaparques del Refugios de Vida Silvestre Pacoche y del Parque Nacional Machalilla acudieron al lugar con el objetivo de verificar las condiciones de este esp\u00e9cimen a fin de iniciar los trabajos de rescate, con la colaboraci\u00f3n de la Capitan\u00eda del Puerto, la Subsecretar\u00eda de Recursos Pesqueros (SRP), Armada Nacional, Secretar\u00eda de Gesti\u00f3n de Riesgos, Polic\u00eda Nacional, Consejo Provincial de Manab\u00ed, Municipio, Pacific Whale, y voluntarios quienes formaron parte de las acciones de rescate del tibur\u00f3n ballena.<\/p>\n<p>El animal med\u00eda aproximadamente 11,45 metros y por su gran peso (18 toneladas) se dificultaron las acciones de rescate. Cerca de 100 personas colaboraron en las acciones para poder trasladarlo hasta alta mar.<\/p>\n<p>Durante estas acciones se pudo constatar que el tibur\u00f3n ballena presentaba un golpe en la cabeza con presencia de sangre. Alrededor de las 16:00 se produjo el deceso de este esp\u00e9cimen, pese a los esfuerzos de personal t\u00e9cnico y voluntarios para evitarlo.<\/p>\n<p>El pez fue retirado de la playa con ayuda de una retroexcavadora y una cama baja aproximadamente a las 22:00 y trasladado hasta un lugar apartado de la poblaci\u00f3n, donde permaneci\u00f3 en custodia de la Polic\u00eda Nacional y guardaparques de esta Cartera de Estado.<\/p>\n<p>Hoy, bi\u00f3logos de Manta y Gal\u00e1pagos realizar\u00e1n la necropsia correspondiente para determinar las causas de su muerte. Aunque de acuerdo a datos preliminares, se presume que este esp\u00e9cimen pudo fallecer debido a una hemorragia intestinal producida por alguna infecci\u00f3n bacteriana.<\/p>\n<p>El cuerpo del tibur\u00f3n ser\u00e1 enterrado en el borde de la quebrada denominada Calabaza, al\u00a0 sur de Santa Marianita, en donde se cav\u00f3 una fosa de 7 metros de profundidad por 12 metros de largo, misma que ser\u00e1 cubierta por una geomembrana para evitar el paso de lixiviados a posibles fuentes de agua.<\/p>\n<p>Este proceso se lo realizar\u00e1 bajo estrictas normas de seguridad con el fin de evitar la generaci\u00f3n de malos olores en los alrededores y posibles afectaciones a la salud de turistas y pobladores de la zona. Esta actividad ser\u00e1 coordinada con la Secretar\u00eda de Gesti\u00f3n de Riesgos, Gobierno Provincial de Manab\u00ed y Polic\u00eda Nacional.\/la-ds<\/p>\n<p><strong>El Dato<\/strong><\/p>\n<p>El tibur\u00f3n ballena (<i>Rhincodon typus<\/i>) es el pez m\u00e1s grande del mundo, con aproximadamente 12 m de longitud. Habita en aguas c\u00e1lidas tropicales y subtropicales.<\/p>\n<p>Adem\u00e1s es una especie protegida por la Convenci\u00f3n de las Especies Migratorias (CMS); se lo encuentra en ap\u00e9ndices II.<\/p>\n","protected":false},"excerpt":{"rendered":"<p class=\"excerpt\">Ayer, el Ministerio del Ambiente de Ecuador (MAE) fue alertado sobre un tibur\u00f3n ballena (Rhincodon typus) varado en las costas de Santa Marianita, Manab\u00ed. Guardaparques del Refugios de Vida Silvestre Pacoche y del Parque Nacional Machalilla acudieron al lugar con el objetivo de verificar las condiciones de este esp\u00e9cimen a fin de iniciar los trabajos de rescate, con la colaboraci\u00f3n&hellip; <a href=\"https:\/\/www.ambienteyenergia.gob.ec\/ambiente\/mae-trabaja-para-retirar-tiburon-ballena-varado-en-costas-manabitas\/\">Read more &rarr;<\/a><\/p>\n","protected":false},"author":13,"featured_media":25043,"comment_status":"open","ping_status":"open","sticky":false,"template":"","format":"standard","meta":{"footnotes":""},"categories":[16,4],"tags":[108,53,224,699,700],"class_list":["post-25031","post","type-post","status-publish","format-standard","has-post-thumbnail","hentry","category-comunicamos","category-noticias","tag-lorena-tapia","tag-mae","tag-rescate","tag-tiburon-ballena","tag-varado","xfolkentry"],"_links":{"self":[{"href":"https:\/\/www.ambienteyenergia.gob.ec\/ambiente\/wp-json\/wp\/v2\/posts\/25031","targetHints":{"allow":["GET"]}}],"collection":[{"href":"https:\/\/www.ambienteyenergia.gob.ec\/ambiente\/wp-json\/wp\/v2\/posts"}],"about":[{"href":"https:\/\/www.ambienteyenergia.gob.ec\/ambiente\/wp-json\/wp\/v2\/types\/post"}],"author":[{"embeddable":true,"href":"https:\/\/www.ambienteyenergia.gob.ec\/ambiente\/wp-json\/wp\/v2\/users\/13"}],"replies":[{"embeddable":true,"href":"https:\/\/www.ambienteyenergia.gob.ec\/ambiente\/wp-json\/wp\/v2\/comments?post=25031"}],"version-history":[{"count":0,"href":"https:\/\/www.ambienteyenergia.gob.ec\/ambiente\/wp-json\/wp\/v2\/posts\/25031\/revisions"}],"wp:featuredmedia":[{"embeddable":true,"href":"https:\/\/www.ambienteyenergia.gob.ec\/ambiente\/wp-json\/wp\/v2\/media\/25043"}],"wp:attachment":[{"href":"https:\/\/www.ambienteyenergia.gob.ec\/ambiente\/wp-json\/wp\/v2\/media?parent=25031"}],"wp:term":[{"taxonomy":"category","embeddable":true,"href":"https:\/\/www.ambienteyenergia.gob.ec\/ambiente\/wp-json\/wp\/v2\/categories?post=25031"},{"taxonomy":"post_tag","embeddable":true,"href":"https:\/\/www.ambienteyenergia.gob.ec\/ambiente\/wp-json\/wp\/v2\/tags?post=25031"}],"curies":[{"name":"wp","href":"https:\/\/api.w.org\/{rel}","templated":true}]}}