{"id":25030,"date":"2015-04-14T12:51:54","date_gmt":"2015-04-14T17:51:54","guid":{"rendered":"http:\/\/www.ambiente.gob.ec\/?p=25030"},"modified":"2015-04-14T12:52:31","modified_gmt":"2015-04-14T17:52:31","slug":"mae-realizo-taller-de-formacion-de-educadores-e-interpretes-ambientales-en-la-reserva-biologica-limoncocha","status":"publish","type":"post","link":"https:\/\/www.ambienteyenergia.gob.ec\/ambiente\/mae-realizo-taller-de-formacion-de-educadores-e-interpretes-ambientales-en-la-reserva-biologica-limoncocha\/","title":{"rendered":"MAE realiz\u00f3  Taller de Formaci\u00f3n De Educadores e Interpretes Ambientales en la Reserva Biol\u00f3gica Limoncocha"},"content":{"rendered":"<p style=\"text-align: justify;\">Del 7 al 12 de Abril, el Ministerio del Ambiente del Ecuador (MAE) llev\u00f3 a cabo el \u201cCurso Taller de Formaci\u00f3n de Educadores e Interpretes Ambientales, Desarrollo de Ecoturismo y Turismo Rural Comunitario\u201d, con el objetivo de brindar a los participantes las herramientas necesarias para un mejor manejo del turismo en las comunidades, con un enfoque ambiental y amigable con la naturaleza.<\/p>\n<p style=\"text-align: justify;\">El taller tuvo una duraci\u00f3n de 75 horas y se dividi\u00f3 en dos modalidades: la te\u00f3rica que se realiz\u00f3 en el Auditorio de la Reserva Biol\u00f3gica Limoncocha y la pr\u00e1ctica en el Parque Nacional Yasun\u00ed; en total participaron 110 personas de diferentes provincias del pa\u00eds.<\/p>\n<p style=\"text-align: justify;\">Mediante estos espacios el MAE busca educar sobre el uso de recursos, t\u00e9cnicas y metodolog\u00edas para informar, educar y sensibilizar a la poblaci\u00f3n sobre la problem\u00e1tica ambiental, el respeto hacia el medio ambiente y su adecuada gesti\u00f3n; obteniendo as\u00ed un desempe\u00f1o adecuado en la labor profesional dentro del \u00e1mbito ambiental.<\/p>\n<p style=\"text-align: justify;\">Es as\u00ed que los participantes abordaron temas como:<\/p>\n<ul style=\"text-align: justify;\">\n<li>La aplicaci\u00f3n de guianza interpretativa de naturaleza, manejo de grupos y animaci\u00f3n tur\u00edstica.<\/li>\n<li>La elaboraci\u00f3n y manejo de t\u00edteres de guante.<\/li>\n<li>Educaci\u00f3n e interpretaci\u00f3n ambiental.<\/li>\n<li>Sistema de informaci\u00f3n geogr\u00e1fico enfocado al ecoturismo.<\/li>\n<li>Dise\u00f1o e interpretaci\u00f3n de senderos en \u00e1reas protegidas, \u00e1reas de turismo rural y se\u00f1al\u00e9tica interpretativa.<\/li>\n<li>Pr\u00e1ctica de campo guianza interpretativa de naturaleza, manejo de grupos y animaci\u00f3n tur\u00edstica.<\/li>\n<li>Sistema de informaci\u00f3n geogr\u00e1fica \u201cCartograf\u00eda B\u00e1sica\u201d<\/li>\n<\/ul>\n<p style=\"text-align: justify;\">La clausura del evento se realiz\u00f3 el pasado domingo 12 de abril; donde se hizo la entrega oficial de los certificados a cada uno de los participantes.<\/p>\n<p style=\"text-align: justify;\">El Ministerio del Ambiente continuar\u00e1 realizando este tipo de capacitaciones; en miras de fortalecer el turismo sustentable en el pa\u00eds. \/\/MH<\/p>\n<p style=\"text-align: justify;\">\n","protected":false},"excerpt":{"rendered":"<p class=\"excerpt\">Del 7 al 12 de Abril, el Ministerio del Ambiente del Ecuador (MAE) llev\u00f3 a cabo el \u201cCurso Taller de Formaci\u00f3n de Educadores e Interpretes Ambientales, Desarrollo de Ecoturismo y Turismo Rural Comunitario\u201d, con el objetivo de brindar a los participantes las herramientas necesarias para un mejor manejo del turismo en las comunidades, con un enfoque ambiental y amigable con&hellip; <a href=\"https:\/\/www.ambienteyenergia.gob.ec\/ambiente\/mae-realizo-taller-de-formacion-de-educadores-e-interpretes-ambientales-en-la-reserva-biologica-limoncocha\/\">Read more &rarr;<\/a><\/p>\n","protected":false},"author":13,"featured_media":25033,"comment_status":"open","ping_status":"open","sticky":false,"template":"","format":"standard","meta":{"footnotes":""},"categories":[16,4],"tags":[],"class_list":["post-25030","post","type-post","status-publish","format-standard","has-post-thumbnail","hentry","category-comunicamos","category-noticias","xfolkentry"],"_links":{"self":[{"href":"https:\/\/www.ambienteyenergia.gob.ec\/ambiente\/wp-json\/wp\/v2\/posts\/25030","targetHints":{"allow":["GET"]}}],"collection":[{"href":"https:\/\/www.ambienteyenergia.gob.ec\/ambiente\/wp-json\/wp\/v2\/posts"}],"about":[{"href":"https:\/\/www.ambienteyenergia.gob.ec\/ambiente\/wp-json\/wp\/v2\/types\/post"}],"author":[{"embeddable":true,"href":"https:\/\/www.ambienteyenergia.gob.ec\/ambiente\/wp-json\/wp\/v2\/users\/13"}],"replies":[{"embeddable":true,"href":"https:\/\/www.ambienteyenergia.gob.ec\/ambiente\/wp-json\/wp\/v2\/comments?post=25030"}],"version-history":[{"count":0,"href":"https:\/\/www.ambienteyenergia.gob.ec\/ambiente\/wp-json\/wp\/v2\/posts\/25030\/revisions"}],"wp:featuredmedia":[{"embeddable":true,"href":"https:\/\/www.ambienteyenergia.gob.ec\/ambiente\/wp-json\/wp\/v2\/media\/25033"}],"wp:attachment":[{"href":"https:\/\/www.ambienteyenergia.gob.ec\/ambiente\/wp-json\/wp\/v2\/media?parent=25030"}],"wp:term":[{"taxonomy":"category","embeddable":true,"href":"https:\/\/www.ambienteyenergia.gob.ec\/ambiente\/wp-json\/wp\/v2\/categories?post=25030"},{"taxonomy":"post_tag","embeddable":true,"href":"https:\/\/www.ambienteyenergia.gob.ec\/ambiente\/wp-json\/wp\/v2\/tags?post=25030"}],"curies":[{"name":"wp","href":"https:\/\/api.w.org\/{rel}","templated":true}]}}