{"id":25024,"date":"2015-04-13T16:54:32","date_gmt":"2015-04-13T21:54:32","guid":{"rendered":"http:\/\/www.ambiente.gob.ec\/?p=25024"},"modified":"2015-04-13T16:54:32","modified_gmt":"2015-04-13T21:54:32","slug":"se-realizo-la-decima-edicion-chimborazo-extremo-2015-en-la-reserva-chimborazo","status":"publish","type":"post","link":"https:\/\/www.ambienteyenergia.gob.ec\/ambiente\/se-realizo-la-decima-edicion-chimborazo-extremo-2015-en-la-reserva-chimborazo\/","title":{"rendered":"Se realiz\u00f3 la D\u00e9cima Edici\u00f3n Chimborazo Extremo 2015 en la Reserva Chimborazo"},"content":{"rendered":"<p style=\"text-align: justify;\">Tras gestionar las acciones con los organizadores de la D\u00e9cima Edici\u00f3n Chimborazo Extremo, el pasado 12 de abril Ministerio del Ambiente del Ecuador (MAE) a trav\u00e9s de la Reserva de Producci\u00f3n de Fauna Chimborazo, dio paso a este gran evento deportivo.<\/p>\n<p style=\"text-align: justify;\">La Competencia Chimborazo Extremo, es una de las carreras m\u00e1s representativas del \u00abMountain bike\u00bb ecuatoriano. El punto de partida fue desde el sector de Urbina, con la participaci\u00f3n de 299 ciclistas registrados; la ruta continu\u00f3 por sector de Cuatro Esquinas &#8211; La Chorrera &#8211; ingreso a la Carretera Antigua, posteriormente salida a la v\u00eda asfaltada &#8211; ingreso al Centro de Servicios Arenal \u2013 Refugio Hnos. Carrel, con un recorrido total de 40 km, donde los deportistas tuvieron que superar variaciones de clima, entre lluvioso y nublado.<\/p>\n<p style=\"text-align: justify;\">El evento deportivo cont\u00f3 con la presencia de ciudadanos que llegaron a apoyar a los competidores y adem\u00e1s de turistas nacionales y extranjeros que ese d\u00eda visitaban esta \u00c1rea Protegida. El atleta Joel Burbano, fue el ganador absoluto de la competencia, con nuevo record, imponiendo un cron\u00f3metro de 2 horas, 4 minutos y 55 segundos.<\/p>\n<p style=\"text-align: justify;\">De esta forma, la Reserva de Producci\u00f3n de Fauna Chimborazo, con el objetivo de promover el deporte de aventura en escenarios naturales y la recreaci\u00f3n de manera amigable con el ambiente, apoy\u00f3 al desarrollo de la D\u00e9cima Edici\u00f3n de Chimborazo Extremo 2015, guardando siempre la conservaci\u00f3n y cuidado en el desarrollo de la competencia.<\/p>\n<p style=\"text-align: justify;\">Adem\u00e1s, mediante la gesti\u00f3n de las actividades del Programa de Manejo Uso P\u00fablico y Turismo en \u00e1reas protegidas, se coordin\u00f3 con los organizadores para contar con el apoyo de la Polic\u00eda y Cruz Roja con la finalidad de garantizar la seguridad de los participantes y visitantes que ingresan a la Reserva de Producci\u00f3n de Fauna Chimborazo.<\/p>\n<p style=\"text-align: justify;\">Al coordinar este tipo de eventos la Direcci\u00f3n Provincial del Ambiente de Chimborazo promueve actividades de deporte de aventura vinculadas con la conservaci\u00f3n, promoci\u00f3n de las \u00c1reas Protegidas, y al mismo tiempo brindan al turista la oportunidad de vivir nuevas experiencias. \/\/MH<\/p>\n","protected":false},"excerpt":{"rendered":"<p class=\"excerpt\">Tras gestionar las acciones con los organizadores de la D\u00e9cima Edici\u00f3n Chimborazo Extremo, el pasado 12 de abril Ministerio del Ambiente del Ecuador (MAE) a trav\u00e9s de la Reserva de Producci\u00f3n de Fauna Chimborazo, dio paso a este gran evento deportivo. La Competencia Chimborazo Extremo, es una de las carreras m\u00e1s representativas del \u00abMountain bike\u00bb ecuatoriano. El punto de partida&hellip; <a href=\"https:\/\/www.ambienteyenergia.gob.ec\/ambiente\/se-realizo-la-decima-edicion-chimborazo-extremo-2015-en-la-reserva-chimborazo\/\">Read more &rarr;<\/a><\/p>\n","protected":false},"author":13,"featured_media":25025,"comment_status":"open","ping_status":"open","sticky":false,"template":"","format":"standard","meta":{"footnotes":""},"categories":[16,4],"tags":[],"class_list":["post-25024","post","type-post","status-publish","format-standard","has-post-thumbnail","hentry","category-comunicamos","category-noticias","xfolkentry"],"_links":{"self":[{"href":"https:\/\/www.ambienteyenergia.gob.ec\/ambiente\/wp-json\/wp\/v2\/posts\/25024","targetHints":{"allow":["GET"]}}],"collection":[{"href":"https:\/\/www.ambienteyenergia.gob.ec\/ambiente\/wp-json\/wp\/v2\/posts"}],"about":[{"href":"https:\/\/www.ambienteyenergia.gob.ec\/ambiente\/wp-json\/wp\/v2\/types\/post"}],"author":[{"embeddable":true,"href":"https:\/\/www.ambienteyenergia.gob.ec\/ambiente\/wp-json\/wp\/v2\/users\/13"}],"replies":[{"embeddable":true,"href":"https:\/\/www.ambienteyenergia.gob.ec\/ambiente\/wp-json\/wp\/v2\/comments?post=25024"}],"version-history":[{"count":0,"href":"https:\/\/www.ambienteyenergia.gob.ec\/ambiente\/wp-json\/wp\/v2\/posts\/25024\/revisions"}],"wp:featuredmedia":[{"embeddable":true,"href":"https:\/\/www.ambienteyenergia.gob.ec\/ambiente\/wp-json\/wp\/v2\/media\/25025"}],"wp:attachment":[{"href":"https:\/\/www.ambienteyenergia.gob.ec\/ambiente\/wp-json\/wp\/v2\/media?parent=25024"}],"wp:term":[{"taxonomy":"category","embeddable":true,"href":"https:\/\/www.ambienteyenergia.gob.ec\/ambiente\/wp-json\/wp\/v2\/categories?post=25024"},{"taxonomy":"post_tag","embeddable":true,"href":"https:\/\/www.ambienteyenergia.gob.ec\/ambiente\/wp-json\/wp\/v2\/tags?post=25024"}],"curies":[{"name":"wp","href":"https:\/\/api.w.org\/{rel}","templated":true}]}}