{"id":25016,"date":"2015-04-10T16:36:43","date_gmt":"2015-04-10T21:36:43","guid":{"rendered":"http:\/\/www.ambiente.gob.ec\/?p=25016"},"modified":"2015-04-10T16:42:45","modified_gmt":"2015-04-10T21:42:45","slug":"concluye-curso-de-biodiversidad-dirigido-a-las-fuerzas-armadas-de-orellana","status":"publish","type":"post","link":"https:\/\/www.ambienteyenergia.gob.ec\/ambiente\/concluye-curso-de-biodiversidad-dirigido-a-las-fuerzas-armadas-de-orellana\/","title":{"rendered":"Concluye Curso de Biodiversidad dirigido a las Fuerzas Armadas de Orellana"},"content":{"rendered":"<p style=\"text-align: justify;\">Este viernes 10 de abril, el Ministerio del Ambiente del Ecuador (MAE) concluy\u00f3 con \u00e9xito el curso denominado \u201cLa biodiversidad como recurso estrat\u00e9gico del Ecuador\u201d, dirigido al personal militar, como parte de la nota reversal que esta Cartera de Estado mantiene con el Ministerio de Defensa Nacional (Midena), a fin de conjuntar esfuerzos interinstitucionales y detener el n\u00famero de il\u00edcitos dentro de las \u00c1reas Protegidas a nivel nacional.<\/p>\n<p style=\"text-align: justify;\">Uno de los temas abordados por los t\u00e9cnicos del MAE durante el \u00faltimo d\u00eda del curso, estuvo relacionado con los procedimientos y el manejo en territorio que el personal militar debe tomar en cuenta al momento de realizar controles de tr\u00e1fico forestal y de vida silvestre.<\/p>\n<p style=\"text-align: justify;\">En este marco, Williams Guerrero, t\u00e9cnico de la Direcci\u00f3n Provincial del Ambiente de Orellana, explic\u00f3 la normativa de calidad ambiental vigente para la regularizaci\u00f3n de ciertas actividades econ\u00f3micas, en donde se establece una categorizaci\u00f3n de cuatro grupos de negocios:<\/p>\n<p style=\"text-align: justify;\"><a href=\"http:\/\/www.ambienteyenergia.gob.ec\/ambiente\/wp-content\/uploads\/2015\/04\/cuadro.jpg\"><img loading=\"lazy\" decoding=\"async\" class=\"aligncenter size-full wp-image-25017\" src=\"http:\/\/www.ambienteyenergia.gob.ec\/ambiente\/wp-content\/uploads\/2015\/04\/cuadro.jpg\" alt=\"cuadro\" width=\"614\" height=\"110\" \/><\/a><\/p>\n<p style=\"text-align: justify;\">El funcionario se\u00f1al\u00f3 que por medio de esta clasificaci\u00f3n es posible para las unidades de Calidad Ambiental del MAE emitir las licencias que permiten el funcionamiento de los negocios y sectores econ\u00f3micos que generan impacto en la naturaleza.<\/p>\n<p style=\"text-align: justify;\">Por otro lado, el director provincial de Orellana, C\u00e9sar Andrade, explic\u00f3 los procedimientos t\u00e9cnicos que realiza el MAE durante los operativos de control de tr\u00e1fico forestal y de fauna. Por ejemplo, si se trata de un operativo planificado, deber\u00e1 realizarse un recorrido por el lugar, donde los comerciantes e intermediarios deben contar con licencias ambientales y\/o gu\u00edas de circulaci\u00f3n. En caso de que no justifiquen la movilizaci\u00f3n o tenencia de art\u00edculos ilegales, se retendr\u00e1 el veh\u00edculo o el producto. Se levantar\u00e1 un acta de decomiso firmada por la autoridad ambiental, las fuerzas del orden y el infractor, con lo que se inicia un proceso administrativo.<\/p>\n<p style=\"text-align: justify;\">Al tratarse de un procedimiento no planificado, es decir, uno realizado por personal militar, debe solicitarse al infractor los documentos de aprovechamiento forestal y\/o la gu\u00eda de circulaci\u00f3n. De registrarse irregularidades, se debe informar a la autoridad ambiental, quien asistir\u00e1 al sitio de inmediato y actuar\u00e1 de acuerdo con la normativa vigente.<\/p>\n<p style=\"text-align: justify;\">En ambos casos el producto incautado ser\u00e1 donado o rematado. En ciertos casos puede ser devuelto si se confirma que no se est\u00e1 incurriendo en una ilegalidad.<\/p>\n<p style=\"text-align: justify;\">Finalmente, durante la clausura del curso, los asistentes militares y civiles recibieron un diploma, y Rub\u00e9n de la Torre, representante de la Brigada Napo 19, ratific\u00f3 el compromiso de las Fuerzas Armadas para trabajar en beneficio de la protecci\u00f3n y conservaci\u00f3n del medio ambiente. \/\/MH<\/p>\n<p style=\"text-align: justify;\">\n","protected":false},"excerpt":{"rendered":"<p class=\"excerpt\">Este viernes 10 de abril, el Ministerio del Ambiente del Ecuador (MAE) concluy\u00f3 con \u00e9xito el curso denominado \u201cLa biodiversidad como recurso estrat\u00e9gico del Ecuador\u201d, dirigido al personal militar, como parte de la nota reversal que esta Cartera de Estado mantiene con el Ministerio de Defensa Nacional (Midena), a fin de conjuntar esfuerzos interinstitucionales y detener el n\u00famero de il\u00edcitos&hellip; <a href=\"https:\/\/www.ambienteyenergia.gob.ec\/ambiente\/concluye-curso-de-biodiversidad-dirigido-a-las-fuerzas-armadas-de-orellana\/\">Read more &rarr;<\/a><\/p>\n","protected":false},"author":13,"featured_media":25018,"comment_status":"open","ping_status":"open","sticky":false,"template":"","format":"standard","meta":{"footnotes":""},"categories":[16,4],"tags":[],"class_list":["post-25016","post","type-post","status-publish","format-standard","has-post-thumbnail","hentry","category-comunicamos","category-noticias","xfolkentry"],"_links":{"self":[{"href":"https:\/\/www.ambienteyenergia.gob.ec\/ambiente\/wp-json\/wp\/v2\/posts\/25016","targetHints":{"allow":["GET"]}}],"collection":[{"href":"https:\/\/www.ambienteyenergia.gob.ec\/ambiente\/wp-json\/wp\/v2\/posts"}],"about":[{"href":"https:\/\/www.ambienteyenergia.gob.ec\/ambiente\/wp-json\/wp\/v2\/types\/post"}],"author":[{"embeddable":true,"href":"https:\/\/www.ambienteyenergia.gob.ec\/ambiente\/wp-json\/wp\/v2\/users\/13"}],"replies":[{"embeddable":true,"href":"https:\/\/www.ambienteyenergia.gob.ec\/ambiente\/wp-json\/wp\/v2\/comments?post=25016"}],"version-history":[{"count":0,"href":"https:\/\/www.ambienteyenergia.gob.ec\/ambiente\/wp-json\/wp\/v2\/posts\/25016\/revisions"}],"wp:featuredmedia":[{"embeddable":true,"href":"https:\/\/www.ambienteyenergia.gob.ec\/ambiente\/wp-json\/wp\/v2\/media\/25018"}],"wp:attachment":[{"href":"https:\/\/www.ambienteyenergia.gob.ec\/ambiente\/wp-json\/wp\/v2\/media?parent=25016"}],"wp:term":[{"taxonomy":"category","embeddable":true,"href":"https:\/\/www.ambienteyenergia.gob.ec\/ambiente\/wp-json\/wp\/v2\/categories?post=25016"},{"taxonomy":"post_tag","embeddable":true,"href":"https:\/\/www.ambienteyenergia.gob.ec\/ambiente\/wp-json\/wp\/v2\/tags?post=25016"}],"curies":[{"name":"wp","href":"https:\/\/api.w.org\/{rel}","templated":true}]}}