{"id":25014,"date":"2015-04-10T16:04:29","date_gmt":"2015-04-10T21:04:29","guid":{"rendered":"http:\/\/www.ambiente.gob.ec\/?p=25014"},"modified":"2015-04-10T16:04:29","modified_gmt":"2015-04-10T21:04:29","slug":"alejandra-ordonez-nueva-directora-encargada-del-parque-nacional-galapagos","status":"publish","type":"post","link":"https:\/\/www.ambienteyenergia.gob.ec\/ambiente\/alejandra-ordonez-nueva-directora-encargada-del-parque-nacional-galapagos\/","title":{"rendered":"Alejandra Ordo\u00f1ez, nueva Directora Encargada del Parque Nacional Gal\u00e1pagos"},"content":{"rendered":"<p>La Ministra del Ambiente, Lorena Tapia, design\u00f3 como Directora Encargada del Parque Nacional Gal\u00e1pagos a Alejandra Ordo\u00f1ez, joven profesional ecuatoriana especializada en gesti\u00f3n p\u00fablica y sostenibilidad.<br \/>\nEl Ministerio del Ambiente agradeci\u00f3 la labor del Dr. Arturo Izurieta por su gesti\u00f3n al frente de la instituci\u00f3n durante el \u00faltimo periodo, en el que se alcanzaron importantes logros institucionales.<\/p>\n<p>La nueva directora encargada del Parque Nacional Gal\u00e1pagos, Alejandra Ordo\u00f1ez, tiene el desaf\u00edo de fortalecer la gesti\u00f3n de la entidad en las islas y profundizar la gesti\u00f3n de conservaci\u00f3n y manejo de estas \u00e1reas protegidas.<\/p>\n<p>&nbsp;<\/p>\n<p>Ord\u00f3\u00f1ez es mag\u00edster en Gesti\u00f3n P\u00fablica, Sostenibilidad y Competitividad del Turismo y tiene experiencia en el trabajo en las islas en dos cargos de alta importancia.<\/p>\n<p>&nbsp;<\/p>\n<p>A lo largo de su carrera profesional Alejandra Ord\u00f3\u00f1ez ha sido asesora de despacho del Ministerio del Ambiente y del Ministerio de Turismo.<\/p>\n<p>&nbsp;<\/p>\n<p>En Cuenca, fue coordinadora del Departamento de Investigaciones Tur\u00edsticas de la Universidad Central de Cuenca, catedr\u00e1tica de maestr\u00edas en turismo y desarrollo sostenible de la misma universidad.<\/p>\n<p>&nbsp;<\/p>\n<p>En Gal\u00e1pagos, ejerci\u00f3 como Directora Provincial del Ministerio de Turismo y Directora de Uso P\u00fablico del Parque Nacional Gal\u00e1pagos, entre otros.<\/p>\n<p>Alejandra Ordo\u00f1ez se convierte en la segunda mujer en asumir la Direcci\u00f3n del Parque Nacional Gal\u00e1pagos, instituci\u00f3n que administra las dos \u00e1reas protegidas del archipi\u00e9lago, que al momento cuenta con 335 guardaparques que laboran en las 7 direcciones que la componen que son:<\/p>\n<p>&nbsp;<\/p>\n<p>Ecosistemas, Uso P\u00fablico, Gesti\u00f3n Ambiental, Educaci\u00f3n y Participaci\u00f3n Social, Planificaci\u00f3n, Asesor\u00eda Jur\u00eddica, y Administrativa Financiera en la isla Santa Cruz, adem\u00e1s de las 2 Unidades T\u00e9cnicas Desconcentradas de San Crist\u00f3bal e Isabela; y la Oficina T\u00e9cnica Floreana.<\/p>\n","protected":false},"excerpt":{"rendered":"<p class=\"excerpt\">La Ministra del Ambiente, Lorena Tapia, design\u00f3 como Directora Encargada del Parque Nacional Gal\u00e1pagos a Alejandra Ordo\u00f1ez, joven profesional ecuatoriana especializada en gesti\u00f3n p\u00fablica y sostenibilidad. El Ministerio del Ambiente agradeci\u00f3 la labor del Dr. Arturo Izurieta por su gesti\u00f3n al frente de la instituci\u00f3n durante el \u00faltimo periodo, en el que se alcanzaron importantes logros institucionales. La nueva directora&hellip; <a href=\"https:\/\/www.ambienteyenergia.gob.ec\/ambiente\/alejandra-ordonez-nueva-directora-encargada-del-parque-nacional-galapagos\/\">Read more &rarr;<\/a><\/p>\n","protected":false},"author":13,"featured_media":24924,"comment_status":"open","ping_status":"open","sticky":false,"template":"","format":"standard","meta":{"footnotes":""},"categories":[16,4],"tags":[],"class_list":["post-25014","post","type-post","status-publish","format-standard","has-post-thumbnail","hentry","category-comunicamos","category-noticias","xfolkentry"],"_links":{"self":[{"href":"https:\/\/www.ambienteyenergia.gob.ec\/ambiente\/wp-json\/wp\/v2\/posts\/25014","targetHints":{"allow":["GET"]}}],"collection":[{"href":"https:\/\/www.ambienteyenergia.gob.ec\/ambiente\/wp-json\/wp\/v2\/posts"}],"about":[{"href":"https:\/\/www.ambienteyenergia.gob.ec\/ambiente\/wp-json\/wp\/v2\/types\/post"}],"author":[{"embeddable":true,"href":"https:\/\/www.ambienteyenergia.gob.ec\/ambiente\/wp-json\/wp\/v2\/users\/13"}],"replies":[{"embeddable":true,"href":"https:\/\/www.ambienteyenergia.gob.ec\/ambiente\/wp-json\/wp\/v2\/comments?post=25014"}],"version-history":[{"count":0,"href":"https:\/\/www.ambienteyenergia.gob.ec\/ambiente\/wp-json\/wp\/v2\/posts\/25014\/revisions"}],"wp:featuredmedia":[{"embeddable":true,"href":"https:\/\/www.ambienteyenergia.gob.ec\/ambiente\/wp-json\/wp\/v2\/media\/24924"}],"wp:attachment":[{"href":"https:\/\/www.ambienteyenergia.gob.ec\/ambiente\/wp-json\/wp\/v2\/media?parent=25014"}],"wp:term":[{"taxonomy":"category","embeddable":true,"href":"https:\/\/www.ambienteyenergia.gob.ec\/ambiente\/wp-json\/wp\/v2\/categories?post=25014"},{"taxonomy":"post_tag","embeddable":true,"href":"https:\/\/www.ambienteyenergia.gob.ec\/ambiente\/wp-json\/wp\/v2\/tags?post=25014"}],"curies":[{"name":"wp","href":"https:\/\/api.w.org\/{rel}","templated":true}]}}