{"id":25010,"date":"2015-04-10T15:57:56","date_gmt":"2015-04-10T20:57:56","guid":{"rendered":"http:\/\/www.ambiente.gob.ec\/?p=25010"},"modified":"2015-04-10T15:57:56","modified_gmt":"2015-04-10T20:57:56","slug":"mil-estudiantes-participaron-de-la-campana-sembrando-vida-en-napo","status":"publish","type":"post","link":"https:\/\/www.ambienteyenergia.gob.ec\/ambiente\/mil-estudiantes-participaron-de-la-campana-sembrando-vida-en-napo\/","title":{"rendered":"Mil estudiantes participaron de la campa\u00f1a Sembrando Vida en Napo"},"content":{"rendered":"<p>El Club de protecci\u00f3n Ambiental del Colegio San Jos\u00e9 de Tena, en coordinaci\u00f3n con la Direcci\u00f3n Provincial del Ambiente de Napo, realizaron la primera actividad de forestaci\u00f3n como parte del proyecto Sembrando Vida de esta instituci\u00f3n educativa.<\/p>\n<p>M\u00e1s de mil j\u00f3venes estudiantes organizados por grupos tuvieron la tarea plantar 400 plantas entre maderables, frutales y ornamentales donadas por el MAE, en las \u00e1reas verdes de su instituci\u00f3n.<\/p>\n<p>Karen Suarez,, alumna del octavo a\u00f1o reconoci\u00f3 que: \u201cMe parece una bonita actividad pues nos permite ayudar a cuidar el ambiente, adem\u00e1s de trabajar en equipo\u201d.<\/p>\n<p>Por su parte, Bruno Castro quien est\u00e1 a cargo del proyecto agradeci\u00f3 la oportuna colaboraci\u00f3n de esta cartera de estado enfatizando que \u201cpodemos reforestar desde nuestra propia casa y ayudar a la conservaci\u00f3n del ambiente\u201d.<\/p>\n<p>Sembrar y no talar fue el mensaje final de los estudiantes de esta Unidad educativa.<\/p>\n<p>Es importante resaltar que esta direcci\u00f3n Provincial del Ambiente cuenta con un vivero, con el cual se permite la donaci\u00f3n de plantas, siempre y cuando se d\u00e9 un uso responsable.\/pg-ds<\/p>\n","protected":false},"excerpt":{"rendered":"<p class=\"excerpt\">El Club de protecci\u00f3n Ambiental del Colegio San Jos\u00e9 de Tena, en coordinaci\u00f3n con la Direcci\u00f3n Provincial del Ambiente de Napo, realizaron la primera actividad de forestaci\u00f3n como parte del proyecto Sembrando Vida de esta instituci\u00f3n educativa. M\u00e1s de mil j\u00f3venes estudiantes organizados por grupos tuvieron la tarea plantar 400 plantas entre maderables, frutales y ornamentales donadas por el MAE,&hellip; <a href=\"https:\/\/www.ambienteyenergia.gob.ec\/ambiente\/mil-estudiantes-participaron-de-la-campana-sembrando-vida-en-napo\/\">Read more &rarr;<\/a><\/p>\n","protected":false},"author":13,"featured_media":25011,"comment_status":"open","ping_status":"open","sticky":false,"template":"","format":"standard","meta":{"footnotes":""},"categories":[16,4],"tags":[108,53,70,85,697],"class_list":["post-25010","post","type-post","status-publish","format-standard","has-post-thumbnail","hentry","category-comunicamos","category-noticias","tag-lorena-tapia","tag-mae","tag-napo","tag-reforestacion","tag-sembrando-vida","xfolkentry"],"_links":{"self":[{"href":"https:\/\/www.ambienteyenergia.gob.ec\/ambiente\/wp-json\/wp\/v2\/posts\/25010","targetHints":{"allow":["GET"]}}],"collection":[{"href":"https:\/\/www.ambienteyenergia.gob.ec\/ambiente\/wp-json\/wp\/v2\/posts"}],"about":[{"href":"https:\/\/www.ambienteyenergia.gob.ec\/ambiente\/wp-json\/wp\/v2\/types\/post"}],"author":[{"embeddable":true,"href":"https:\/\/www.ambienteyenergia.gob.ec\/ambiente\/wp-json\/wp\/v2\/users\/13"}],"replies":[{"embeddable":true,"href":"https:\/\/www.ambienteyenergia.gob.ec\/ambiente\/wp-json\/wp\/v2\/comments?post=25010"}],"version-history":[{"count":0,"href":"https:\/\/www.ambienteyenergia.gob.ec\/ambiente\/wp-json\/wp\/v2\/posts\/25010\/revisions"}],"wp:featuredmedia":[{"embeddable":true,"href":"https:\/\/www.ambienteyenergia.gob.ec\/ambiente\/wp-json\/wp\/v2\/media\/25011"}],"wp:attachment":[{"href":"https:\/\/www.ambienteyenergia.gob.ec\/ambiente\/wp-json\/wp\/v2\/media?parent=25010"}],"wp:term":[{"taxonomy":"category","embeddable":true,"href":"https:\/\/www.ambienteyenergia.gob.ec\/ambiente\/wp-json\/wp\/v2\/categories?post=25010"},{"taxonomy":"post_tag","embeddable":true,"href":"https:\/\/www.ambienteyenergia.gob.ec\/ambiente\/wp-json\/wp\/v2\/tags?post=25010"}],"curies":[{"name":"wp","href":"https:\/\/api.w.org\/{rel}","templated":true}]}}