{"id":25004,"date":"2015-04-10T12:56:45","date_gmt":"2015-04-10T17:56:45","guid":{"rendered":"http:\/\/www.ambiente.gob.ec\/?p=25004"},"modified":"2015-04-10T12:59:14","modified_gmt":"2015-04-10T17:59:14","slug":"mae-rescato-un-mono-chichico-en-bolivar","status":"publish","type":"post","link":"https:\/\/www.ambienteyenergia.gob.ec\/ambiente\/mae-rescato-un-mono-chichico-en-bolivar\/","title":{"rendered":"MAE rescat\u00f3 un mono chichico en Bol\u00edvar"},"content":{"rendered":"<p>La Direcci\u00f3n Provincial del Ambiente de Bol\u00edvar, en coordinaci\u00f3n con la Unidad de Protecci\u00f3n del Medio Ambiente (UPMA) de la Polic\u00eda Nacional realiz\u00f3 la recuperaci\u00f3n de un mono chichico (Saguinus sp) que fue recuperado en una vivienda ubicada en el cant\u00f3n San Miguel, de Bol\u00edvar.<\/p>\n<p>Al recibir una denuncia telef\u00f3nica, en el cual se informaba de la presencia de un mono en una vivienda, t\u00e9cnicos de la Unidad de Patrimonio Natural se trasladaron hasta la vivienda para recuperar al esp\u00e9cimen.<\/p>\n<p>El mono se encuentra en buen estado, mide aproximadamente 40 cent\u00edmetros con un peso de 1 kilogramo aproximadamente. Personal del MAE lo movilizaron al Centro de Vida Silvestre del Puyo, para su recuperaci\u00f3n y posterior liberaci\u00f3n.<\/p>\n<p>En Ecuador, el mono chichico habita en la Amazon\u00eda norte y estribaciones orientales, en los bosques h\u00famedos y subtropicales entre los 200 y 1 300 metros sobre el nivel del mar. Frecuenta el estrato bajo del bosque, entre los 5 a 20 metros de altura, aunque eventualmente baja al suelo.<\/p>\n<p>Est\u00e1 considerado dentro de la Lista Roja Ecuador (Tirira (ed), 2011): Casi amenazada; en el Lista Roja UICN: Preocupaci\u00f3n menor, y en la UICN (Uni\u00f3n Internacional para la Conservaci\u00f3n de la Naturaleza), se encuentra en el ap\u00e9ndice I del CITES.\/aj-ds<\/p>\n","protected":false},"excerpt":{"rendered":"<p class=\"excerpt\">La Direcci\u00f3n Provincial del Ambiente de Bol\u00edvar, en coordinaci\u00f3n con la Unidad de Protecci\u00f3n del Medio Ambiente (UPMA) de la Polic\u00eda Nacional realiz\u00f3 la recuperaci\u00f3n de un mono chichico (Saguinus sp) que fue recuperado en una vivienda ubicada en el cant\u00f3n San Miguel, de Bol\u00edvar. Al recibir una denuncia telef\u00f3nica, en el cual se informaba de la presencia de un&hellip; <a href=\"https:\/\/www.ambienteyenergia.gob.ec\/ambiente\/mae-rescato-un-mono-chichico-en-bolivar\/\">Read more &rarr;<\/a><\/p>\n","protected":false},"author":13,"featured_media":25005,"comment_status":"open","ping_status":"open","sticky":false,"template":"","format":"standard","meta":{"footnotes":""},"categories":[16,4],"tags":[447,108,53,696,408],"class_list":["post-25004","post","type-post","status-publish","format-standard","has-post-thumbnail","hentry","category-comunicamos","category-noticias","tag-decomiso","tag-lorena-tapia","tag-mae","tag-mono-chichico","tag-vida-silvestre","xfolkentry"],"_links":{"self":[{"href":"https:\/\/www.ambienteyenergia.gob.ec\/ambiente\/wp-json\/wp\/v2\/posts\/25004","targetHints":{"allow":["GET"]}}],"collection":[{"href":"https:\/\/www.ambienteyenergia.gob.ec\/ambiente\/wp-json\/wp\/v2\/posts"}],"about":[{"href":"https:\/\/www.ambienteyenergia.gob.ec\/ambiente\/wp-json\/wp\/v2\/types\/post"}],"author":[{"embeddable":true,"href":"https:\/\/www.ambienteyenergia.gob.ec\/ambiente\/wp-json\/wp\/v2\/users\/13"}],"replies":[{"embeddable":true,"href":"https:\/\/www.ambienteyenergia.gob.ec\/ambiente\/wp-json\/wp\/v2\/comments?post=25004"}],"version-history":[{"count":0,"href":"https:\/\/www.ambienteyenergia.gob.ec\/ambiente\/wp-json\/wp\/v2\/posts\/25004\/revisions"}],"wp:featuredmedia":[{"embeddable":true,"href":"https:\/\/www.ambienteyenergia.gob.ec\/ambiente\/wp-json\/wp\/v2\/media\/25005"}],"wp:attachment":[{"href":"https:\/\/www.ambienteyenergia.gob.ec\/ambiente\/wp-json\/wp\/v2\/media?parent=25004"}],"wp:term":[{"taxonomy":"category","embeddable":true,"href":"https:\/\/www.ambienteyenergia.gob.ec\/ambiente\/wp-json\/wp\/v2\/categories?post=25004"},{"taxonomy":"post_tag","embeddable":true,"href":"https:\/\/www.ambienteyenergia.gob.ec\/ambiente\/wp-json\/wp\/v2\/tags?post=25004"}],"curies":[{"name":"wp","href":"https:\/\/api.w.org\/{rel}","templated":true}]}}