{"id":24996,"date":"2015-04-09T12:04:41","date_gmt":"2015-04-09T17:04:41","guid":{"rendered":"http:\/\/www.ambiente.gob.ec\/?p=24996"},"modified":"2015-04-09T12:04:41","modified_gmt":"2015-04-09T17:04:41","slug":"mae-firmo-convenio-de-conservacion-de-la-biodiversidad-en-napo","status":"publish","type":"post","link":"https:\/\/www.ambienteyenergia.gob.ec\/ambiente\/mae-firmo-convenio-de-conservacion-de-la-biodiversidad-en-napo\/","title":{"rendered":"MAE firm\u00f3 convenio de conservaci\u00f3n de la Biodiversidad en Napo"},"content":{"rendered":"<p>El Ministerio del Ambiente (MAE), la Organizaci\u00f3n de las Naciones Unidas para la Alimentaci\u00f3n y Agricultura (FAO) y el Gobierno Provincial de Napo firmaron un convenio para la Conservaci\u00f3n de la biodiversidad, bosques, suelo y agua como un mecanismo efectivo para garantizar el Buen Vivir.<\/p>\n<p>El prop\u00f3sito del convenio tiene como meta promover la conservaci\u00f3n y el manejo sostenible del suelo y la mitigaci\u00f3n al cambio clim\u00e1tico, por medio de inversi\u00f3n estrat\u00e9gica de los recursos p\u00fabicos, la gobernanza ambiental participativa y los mecanismos de incentivos en la provincia del Napo, con particular atenci\u00f3n en la Reserva de Biosfera Sumaco.<\/p>\n<p>Sergio Chac\u00f3n Padilla Prefecto provincial de Napo hizo menci\u00f3n que, \u201ceste tipo de iniciativas son importantes para el desarrollo de su provincia y agradeci\u00f3 al MAE por el trabajo constante y el apoyo que brinda siempre, y en especial a la se\u00f1ora Ministra Lorena Tapia N\u00fa\u00f1ez por el compromiso que tiene por el ambiente y por firmar este convenio de vital importancia para la poblaci\u00f3n de la provincia\u201d.<\/p>\n<p>Chac\u00f3n resalt\u00f3 que es trascendental el trabajo interinstitucional, pues afianza el nuevo modelo del Estado, en el marco de la nueva Matriz Productiva del Ecuador.<\/p>\n<p>Por su parte Pedro Pablo Pe\u00f1a, representante de FAO para el Ecuador, felicit\u00f3 la gesti\u00f3n gubernamental para fomentar este tipo de proyectos pues ello demuestra el compromiso que el Gobierno Nacional y los Gobiernos Aut\u00f3nomos Descentralizados tienen con el ambiente y sus habitantes, \u201cpor ello invito a que sigan promoviendo este tipo de emprendimientos y cuenten con FAO para implementarlos\u201d, finaliz\u00f3.<\/p>\n<p>Pe\u00f1a se\u00f1ala que \u201cEste proyecto est\u00e1 direccionado para el emprendimiento de las comunidades de la Provincia del Napo y son ellos quienes llevar\u00e1n al \u00e9xito este tipo de iniciativas\u201d.<\/p>\n<p>Por su parte Christian Ter\u00e1n, Subsecretario de Patrimonio Natural del MAE, en representaci\u00f3n de la m\u00e1xima Autoridad Ambiental, felicit\u00f3 a la Provincia por implementar como pol\u00edtica p\u00fablica este tipo de iniciativas de conservaci\u00f3n pues de ello depende que nuestro pa\u00eds siga fomentando en las comunidades h\u00e1bitos para conservar el patrimonio natural nacional.<\/p>\n<p>Adem\u00e1s agradeci\u00f3 a FAO por ser la instituci\u00f3n que fomenta este tipo de emprendimientos que permiten el desarrollo econ\u00f3mico del pa\u00eds e invit\u00f3 a seguir generando m\u00e1s proyectos que velen por la conservaci\u00f3n de un Ecuador Verde.\/la-ds<\/p>\n","protected":false},"excerpt":{"rendered":"<p class=\"excerpt\">El Ministerio del Ambiente (MAE), la Organizaci\u00f3n de las Naciones Unidas para la Alimentaci\u00f3n y Agricultura (FAO) y el Gobierno Provincial de Napo firmaron un convenio para la Conservaci\u00f3n de la biodiversidad, bosques, suelo y agua como un mecanismo efectivo para garantizar el Buen Vivir. El prop\u00f3sito del convenio tiene como meta promover la conservaci\u00f3n y el manejo sostenible del&hellip; <a href=\"https:\/\/www.ambienteyenergia.gob.ec\/ambiente\/mae-firmo-convenio-de-conservacion-de-la-biodiversidad-en-napo\/\">Read more &rarr;<\/a><\/p>\n","protected":false},"author":13,"featured_media":24997,"comment_status":"open","ping_status":"open","sticky":false,"template":"","format":"standard","meta":{"footnotes":""},"categories":[16,4],"tags":[609,692,608,108,53,70],"class_list":["post-24996","post","type-post","status-publish","format-standard","has-post-thumbnail","hentry","category-comunicamos","category-noticias","tag-convenio","tag-fao","tag-firma","tag-lorena-tapia","tag-mae","tag-napo","xfolkentry"],"_links":{"self":[{"href":"https:\/\/www.ambienteyenergia.gob.ec\/ambiente\/wp-json\/wp\/v2\/posts\/24996","targetHints":{"allow":["GET"]}}],"collection":[{"href":"https:\/\/www.ambienteyenergia.gob.ec\/ambiente\/wp-json\/wp\/v2\/posts"}],"about":[{"href":"https:\/\/www.ambienteyenergia.gob.ec\/ambiente\/wp-json\/wp\/v2\/types\/post"}],"author":[{"embeddable":true,"href":"https:\/\/www.ambienteyenergia.gob.ec\/ambiente\/wp-json\/wp\/v2\/users\/13"}],"replies":[{"embeddable":true,"href":"https:\/\/www.ambienteyenergia.gob.ec\/ambiente\/wp-json\/wp\/v2\/comments?post=24996"}],"version-history":[{"count":0,"href":"https:\/\/www.ambienteyenergia.gob.ec\/ambiente\/wp-json\/wp\/v2\/posts\/24996\/revisions"}],"wp:featuredmedia":[{"embeddable":true,"href":"https:\/\/www.ambienteyenergia.gob.ec\/ambiente\/wp-json\/wp\/v2\/media\/24997"}],"wp:attachment":[{"href":"https:\/\/www.ambienteyenergia.gob.ec\/ambiente\/wp-json\/wp\/v2\/media?parent=24996"}],"wp:term":[{"taxonomy":"category","embeddable":true,"href":"https:\/\/www.ambienteyenergia.gob.ec\/ambiente\/wp-json\/wp\/v2\/categories?post=24996"},{"taxonomy":"post_tag","embeddable":true,"href":"https:\/\/www.ambienteyenergia.gob.ec\/ambiente\/wp-json\/wp\/v2\/tags?post=24996"}],"curies":[{"name":"wp","href":"https:\/\/api.w.org\/{rel}","templated":true}]}}