{"id":24993,"date":"2015-04-09T09:24:53","date_gmt":"2015-04-09T14:24:53","guid":{"rendered":"http:\/\/www.ambiente.gob.ec\/?p=24993"},"modified":"2015-04-09T09:24:53","modified_gmt":"2015-04-09T14:24:53","slug":"reserva-de-produccion-de-fauna-chimborazo-recibio-a-cientos-de-turistas-por-feriado-de-semana-santa-2015","status":"publish","type":"post","link":"https:\/\/www.ambienteyenergia.gob.ec\/ambiente\/reserva-de-produccion-de-fauna-chimborazo-recibio-a-cientos-de-turistas-por-feriado-de-semana-santa-2015\/","title":{"rendered":"Reserva de Producci\u00f3n de Fauna Chimborazo, recibi\u00f3 a cientos de turistas por feriado de Semana Santa 2015"},"content":{"rendered":"<p style=\"text-align: justify;\">El Chimborazo, fue uno de los atractivos tur\u00edsticos m\u00e1s visitados por nacionales y extranjeros en este feriado de Semana Santa; quienes disfrutaron de los magn\u00edficos paisajes que ofrece la Reserva de Producci\u00f3n de Fauna Chimborazo, como observar vicu\u00f1as en su estado natural.<\/p>\n<p style=\"text-align: justify;\">Adem\u00e1s, el lugar ofrece nuevos espacios para el confort de los visitantes; como el Centro de Servicios Tur\u00edsticos El Arenal, donde las personas pueden disfrutar de comida t\u00edpica en el Bar-Cafeter\u00eda y comprar artesan\u00edas elaboradas por artesanos de las comunidades aleda\u00f1as.<\/p>\n<p style=\"text-align: justify;\">Debido a la alta concurrencia de visitantes, el Ministerio del Ambiente del Ecuador (MAE), en coordinaci\u00f3n con la Administraci\u00f3n de la Reserva de Producci\u00f3n de Fauna Chimborazo, realiz\u00f3 el control de actividades en los diferentes puntos del lugar, donde se distribuy\u00f3 a las 18 personas que conforman el personal del \u00e1rea protegida en sitios estrat\u00e9gicos con un plan operativo, desde el ingreso al \u00e1rea, parqueadero, Centro de Visitantes, Centro de Artesan\u00edas, Bar-Cafeter\u00eda, parqueadero del Primer Refugio, Refugio Carrel, sendero principal y alterno hacia el Refugio Whymper, Laguna y Bosque de Polylepis; con la finalidad de controlar el acceso hacia lugares permitidos y a la vez socorrer a visitantes en caso de necesitar ayuda.<\/p>\n<p style=\"text-align: justify;\">El total de turistas nacionales y extranjeros que ingresaron al \u00c1rea Protegida durante los 3 d\u00edas de feriado de Semana Santa, fueron 3.662, de los cuales el 94% fueron nacionale,s es decir 3.431 y el 6% extranjero, siendo 231 visitantes, quienes llevaron consigo una gran experiencia de su visita.<\/p>\n<p style=\"text-align: justify;\">El Ministerio del Ambiente tiene el compromiso de continuar promoviendo el turismo interno y externo sostenible, con el fin de que estos esfuerzos contribuyan al desarrollo socio econ\u00f3mico de las comunidades ligadas al \u00c1rea Protegida y adem\u00e1s de inculcar una cultura de protecci\u00f3n al Patrimonio Natural del Ecuador. \/\/MH<\/p>\n","protected":false},"excerpt":{"rendered":"<p class=\"excerpt\">El Chimborazo, fue uno de los atractivos tur\u00edsticos m\u00e1s visitados por nacionales y extranjeros en este feriado de Semana Santa; quienes disfrutaron de los magn\u00edficos paisajes que ofrece la Reserva de Producci\u00f3n de Fauna Chimborazo, como observar vicu\u00f1as en su estado natural. Adem\u00e1s, el lugar ofrece nuevos espacios para el confort de los visitantes; como el Centro de Servicios Tur\u00edsticos&hellip; <a href=\"https:\/\/www.ambienteyenergia.gob.ec\/ambiente\/reserva-de-produccion-de-fauna-chimborazo-recibio-a-cientos-de-turistas-por-feriado-de-semana-santa-2015\/\">Read more &rarr;<\/a><\/p>\n","protected":false},"author":13,"featured_media":24994,"comment_status":"open","ping_status":"open","sticky":false,"template":"","format":"standard","meta":{"footnotes":""},"categories":[16,4],"tags":[],"class_list":["post-24993","post","type-post","status-publish","format-standard","has-post-thumbnail","hentry","category-comunicamos","category-noticias","xfolkentry"],"_links":{"self":[{"href":"https:\/\/www.ambienteyenergia.gob.ec\/ambiente\/wp-json\/wp\/v2\/posts\/24993","targetHints":{"allow":["GET"]}}],"collection":[{"href":"https:\/\/www.ambienteyenergia.gob.ec\/ambiente\/wp-json\/wp\/v2\/posts"}],"about":[{"href":"https:\/\/www.ambienteyenergia.gob.ec\/ambiente\/wp-json\/wp\/v2\/types\/post"}],"author":[{"embeddable":true,"href":"https:\/\/www.ambienteyenergia.gob.ec\/ambiente\/wp-json\/wp\/v2\/users\/13"}],"replies":[{"embeddable":true,"href":"https:\/\/www.ambienteyenergia.gob.ec\/ambiente\/wp-json\/wp\/v2\/comments?post=24993"}],"version-history":[{"count":0,"href":"https:\/\/www.ambienteyenergia.gob.ec\/ambiente\/wp-json\/wp\/v2\/posts\/24993\/revisions"}],"wp:featuredmedia":[{"embeddable":true,"href":"https:\/\/www.ambienteyenergia.gob.ec\/ambiente\/wp-json\/wp\/v2\/media\/24994"}],"wp:attachment":[{"href":"https:\/\/www.ambienteyenergia.gob.ec\/ambiente\/wp-json\/wp\/v2\/media?parent=24993"}],"wp:term":[{"taxonomy":"category","embeddable":true,"href":"https:\/\/www.ambienteyenergia.gob.ec\/ambiente\/wp-json\/wp\/v2\/categories?post=24993"},{"taxonomy":"post_tag","embeddable":true,"href":"https:\/\/www.ambienteyenergia.gob.ec\/ambiente\/wp-json\/wp\/v2\/tags?post=24993"}],"curies":[{"name":"wp","href":"https:\/\/api.w.org\/{rel}","templated":true}]}}