{"id":24990,"date":"2015-04-09T08:47:54","date_gmt":"2015-04-09T13:47:54","guid":{"rendered":"http:\/\/www.ambiente.gob.ec\/?p=24990"},"modified":"2015-04-09T08:47:54","modified_gmt":"2015-04-09T13:47:54","slug":"mae-socializo-sobre-regulacion-ambiental-en-bolivar","status":"publish","type":"post","link":"https:\/\/www.ambienteyenergia.gob.ec\/ambiente\/mae-socializo-sobre-regulacion-ambiental-en-bolivar\/","title":{"rendered":"MAE socializ\u00f3 sobre regulaci\u00f3n ambiental en Bol\u00edvar"},"content":{"rendered":"<p style=\"text-align: justify;\">El Ministerio del Ambiente a trav\u00e9s de la Direcci\u00f3n Provincial del Ambiente Bol\u00edvar realiz\u00f3 una socializaci\u00f3n con los representantes de las comunidades cercanas a la parroquia de Salinas quienes est\u00e1n implementando peque\u00f1as queseras.<\/p>\n<p style=\"text-align: justify;\">Estas comunidades se encuentran asociadas a la Cooperativa de Producci\u00f3n Agropecuaria \u201cEl Salinerito\u201d.<\/p>\n<p style=\"text-align: justify;\">A la socializaci\u00f3n asistieron alrededor de 18 personas a quienes se les brind\u00f3 informaci\u00f3n sobre el proceso de regularizaci\u00f3n ambiental, que en la actualidad se lo realiza mediante el Sistema \u00danico de Informaci\u00f3n Ambiental (SUIA), aplicaci\u00f3n web que est\u00e1 disponible a toda la ciudadan\u00eda con el objetivo de agilizar los procesos de licenciamiento de todas aquellas actividades que as\u00ed lo requieran.<\/p>\n<p style=\"text-align: justify;\">Adem\u00e1s se revis\u00f3 la categor\u00edas y los requisitos que necesitan para el licenciamiento ambiental seg\u00fan el cat\u00e1logo de Categorizaci\u00f3n Ambiental vigente.\/aj-ds<\/p>\n<p style=\"text-align: justify;\">\n","protected":false},"excerpt":{"rendered":"<p class=\"excerpt\">El Ministerio del Ambiente a trav\u00e9s de la Direcci\u00f3n Provincial del Ambiente Bol\u00edvar realiz\u00f3 una socializaci\u00f3n con los representantes de las comunidades cercanas a la parroquia de Salinas quienes est\u00e1n implementando peque\u00f1as queseras. Estas comunidades se encuentran asociadas a la Cooperativa de Producci\u00f3n Agropecuaria \u201cEl Salinerito\u201d. A la socializaci\u00f3n asistieron alrededor de 18 personas a quienes se les brind\u00f3 informaci\u00f3n&hellip; <a href=\"https:\/\/www.ambienteyenergia.gob.ec\/ambiente\/mae-socializo-sobre-regulacion-ambiental-en-bolivar\/\">Read more &rarr;<\/a><\/p>\n","protected":false},"author":13,"featured_media":24991,"comment_status":"open","ping_status":"open","sticky":false,"template":"","format":"standard","meta":{"footnotes":""},"categories":[16,4],"tags":[],"class_list":["post-24990","post","type-post","status-publish","format-standard","has-post-thumbnail","hentry","category-comunicamos","category-noticias","xfolkentry"],"_links":{"self":[{"href":"https:\/\/www.ambienteyenergia.gob.ec\/ambiente\/wp-json\/wp\/v2\/posts\/24990","targetHints":{"allow":["GET"]}}],"collection":[{"href":"https:\/\/www.ambienteyenergia.gob.ec\/ambiente\/wp-json\/wp\/v2\/posts"}],"about":[{"href":"https:\/\/www.ambienteyenergia.gob.ec\/ambiente\/wp-json\/wp\/v2\/types\/post"}],"author":[{"embeddable":true,"href":"https:\/\/www.ambienteyenergia.gob.ec\/ambiente\/wp-json\/wp\/v2\/users\/13"}],"replies":[{"embeddable":true,"href":"https:\/\/www.ambienteyenergia.gob.ec\/ambiente\/wp-json\/wp\/v2\/comments?post=24990"}],"version-history":[{"count":0,"href":"https:\/\/www.ambienteyenergia.gob.ec\/ambiente\/wp-json\/wp\/v2\/posts\/24990\/revisions"}],"wp:featuredmedia":[{"embeddable":true,"href":"https:\/\/www.ambienteyenergia.gob.ec\/ambiente\/wp-json\/wp\/v2\/media\/24991"}],"wp:attachment":[{"href":"https:\/\/www.ambienteyenergia.gob.ec\/ambiente\/wp-json\/wp\/v2\/media?parent=24990"}],"wp:term":[{"taxonomy":"category","embeddable":true,"href":"https:\/\/www.ambienteyenergia.gob.ec\/ambiente\/wp-json\/wp\/v2\/categories?post=24990"},{"taxonomy":"post_tag","embeddable":true,"href":"https:\/\/www.ambienteyenergia.gob.ec\/ambiente\/wp-json\/wp\/v2\/tags?post=24990"}],"curies":[{"name":"wp","href":"https:\/\/api.w.org\/{rel}","templated":true}]}}