{"id":24988,"date":"2015-04-08T08:47:50","date_gmt":"2015-04-08T13:47:50","guid":{"rendered":"http:\/\/www.ambiente.gob.ec\/?p=24988"},"modified":"2015-04-10T14:25:07","modified_gmt":"2015-04-10T19:25:07","slug":"37520-visitantes-acudieron-a-las-principales-areas-protegidas-del-ecuador","status":"publish","type":"post","link":"https:\/\/www.ambienteyenergia.gob.ec\/ambiente\/37520-visitantes-acudieron-a-las-principales-areas-protegidas-del-ecuador\/","title":{"rendered":"37520 visitantes acudieron a las principales \u00e1reas protegidas del Ecuador"},"content":{"rendered":"<p style=\"text-align: justify;\">El Ministerio del Ambiente (MAE), a trav\u00e9s de su Sistema Nacional de \u00c1reas Protegidas (SNAP) promueve la visita de estos espacios naturales, con el objetivo de motivar a la poblaci\u00f3n a su la protecci\u00f3n y conservaci\u00f3n de estos ecosistemas de gran importancia biol\u00f3gica.<\/p>\n<p style=\"text-align: justify;\">Durante el feriado de Semana Santa, tres \u00e1reas protegidas de la Costa y dos de la Sierra fueron las m\u00e1s visitadas, ubicadas en Guayas, Santa Elena, Imbabura y Cotopaxi.<\/p>\n<p style=\"text-align: justify;\">El \u00c1rea Nacional de Recreaci\u00f3n Playas de Villamil acogi\u00f3 aproximadamente a 10 000 turistas que pudieron disfrutar de varias actividades que ofrece el lugar entre ellas: observaci\u00f3n de aves y practicar deportes acu\u00e1ticos ofrecidos por las empresas tur\u00edsticas locales.<\/p>\n<p style=\"text-align: justify;\">As\u00ed mismo, el \u00c1rea Nacional de Recreaci\u00f3n Isla Santay tuvo una gran acogida, puesto que registr\u00f3 la visita de 9 933 visitantes. El \u00e1rea est\u00e1 ubicada en Guayas y cuenta con varias actividades como caminatas en el Sendero de la Cocodrilera o por el Sendero Huaquillas, donde se puede fotografiar al manglar y bosque seco de la zona, as\u00ed como la flora y fauna propia del lugar.<\/p>\n<p style=\"text-align: justify;\">Con varios atractivos, la Reserva de Producci\u00f3n de Fauna Marino Costera Puntilla de Santa Elena recibi\u00f3 a 9 273 visitantes, quienes pueden recorrer los senderos de la Chocolatera y la Lober\u00eda para admirar la belleza natural de la reserva. Otra actividad que llama la atenci\u00f3n de sus visitantes es el avistamiento de ballenas jorobadas, aves y lobos marinos.<\/p>\n<p style=\"text-align: justify;\">Por otro lado, la Reserva Ecol\u00f3gica Cotacachi Cayapas, ubicada en Imbabura recibi\u00f3 a 5 682 visitantes. La laguna de Cuicocha, fue sitio m\u00e1s visitado de la reserva, donde se pueden realizar caminatas y paseos en canoa. As\u00ed mismo, la zona cuenta con un hospedaje comunitario en Pi\u00f1an y \u00e1reas para acampar cerca al sendero de Yanah\u00farco.<\/p>\n<p style=\"text-align: justify;\">Otra \u00e1rea protegida de gran afluencia es el Parque Nacional Cotopaxi que acogi\u00f3 a 2632 visitantes en este feriado; entre sus principales atractivos se encuentra el sendero P\u00e1ramo, el refugio Jos\u00e9 Ribas y la laguna de Limpiopungo, donde se puede apreciar el paisaje andino y biodiversidad de la zona. Adem\u00e1s, existen \u00e1reas para acampar y hacer picnic como la Rinconada.<\/p>\n<p style=\"text-align: justify;\">Esta Cartera de Estado, como instancia competente asegura la protecci\u00f3n, control y regulaci\u00f3n de las \u00e1reas protegidas, que representan aproximadamente el 20% del territorio nacional conservado. Su importante riqueza biol\u00f3gica y paisaj\u00edstica permite a sus visitantes disfrutar en su plenitud de ellas.\/sj-ds<\/p>\n","protected":false},"excerpt":{"rendered":"<p class=\"excerpt\">El Ministerio del Ambiente (MAE), a trav\u00e9s de su Sistema Nacional de \u00c1reas Protegidas (SNAP) promueve la visita de estos espacios naturales, con el objetivo de motivar a la poblaci\u00f3n a su la protecci\u00f3n y conservaci\u00f3n de estos ecosistemas de gran importancia biol\u00f3gica. Durante el feriado de Semana Santa, tres \u00e1reas protegidas de la Costa y dos de la Sierra&hellip; <a href=\"https:\/\/www.ambienteyenergia.gob.ec\/ambiente\/37520-visitantes-acudieron-a-las-principales-areas-protegidas-del-ecuador\/\">Read more &rarr;<\/a><\/p>\n","protected":false},"author":13,"featured_media":24924,"comment_status":"open","ping_status":"open","sticky":false,"template":"","format":"standard","meta":{"footnotes":""},"categories":[16,4],"tags":[],"class_list":["post-24988","post","type-post","status-publish","format-standard","has-post-thumbnail","hentry","category-comunicamos","category-noticias","xfolkentry"],"_links":{"self":[{"href":"https:\/\/www.ambienteyenergia.gob.ec\/ambiente\/wp-json\/wp\/v2\/posts\/24988","targetHints":{"allow":["GET"]}}],"collection":[{"href":"https:\/\/www.ambienteyenergia.gob.ec\/ambiente\/wp-json\/wp\/v2\/posts"}],"about":[{"href":"https:\/\/www.ambienteyenergia.gob.ec\/ambiente\/wp-json\/wp\/v2\/types\/post"}],"author":[{"embeddable":true,"href":"https:\/\/www.ambienteyenergia.gob.ec\/ambiente\/wp-json\/wp\/v2\/users\/13"}],"replies":[{"embeddable":true,"href":"https:\/\/www.ambienteyenergia.gob.ec\/ambiente\/wp-json\/wp\/v2\/comments?post=24988"}],"version-history":[{"count":0,"href":"https:\/\/www.ambienteyenergia.gob.ec\/ambiente\/wp-json\/wp\/v2\/posts\/24988\/revisions"}],"wp:featuredmedia":[{"embeddable":true,"href":"https:\/\/www.ambienteyenergia.gob.ec\/ambiente\/wp-json\/wp\/v2\/media\/24924"}],"wp:attachment":[{"href":"https:\/\/www.ambienteyenergia.gob.ec\/ambiente\/wp-json\/wp\/v2\/media?parent=24988"}],"wp:term":[{"taxonomy":"category","embeddable":true,"href":"https:\/\/www.ambienteyenergia.gob.ec\/ambiente\/wp-json\/wp\/v2\/categories?post=24988"},{"taxonomy":"post_tag","embeddable":true,"href":"https:\/\/www.ambienteyenergia.gob.ec\/ambiente\/wp-json\/wp\/v2\/tags?post=24988"}],"curies":[{"name":"wp","href":"https:\/\/api.w.org\/{rel}","templated":true}]}}