{"id":24984,"date":"2015-04-07T12:29:57","date_gmt":"2015-04-07T17:29:57","guid":{"rendered":"http:\/\/www.ambiente.gob.ec\/?p=24984"},"modified":"2015-04-07T15:30:17","modified_gmt":"2015-04-07T20:30:17","slug":"ministerio-del-ambiente-impulsa-dialogo-con-actores-claves-sobre-desertificacion","status":"publish","type":"post","link":"https:\/\/www.ambienteyenergia.gob.ec\/ambiente\/ministerio-del-ambiente-impulsa-dialogo-con-actores-claves-sobre-desertificacion\/","title":{"rendered":"Ministerio del Ambiente impulsa di\u00e1logo con actores claves sobre Desertificaci\u00f3n"},"content":{"rendered":"<p style=\"text-align: justify;\">El Ministerio del Ambiente realiz\u00f3 este martes 7 de abril, el Taller Inicio del Proyecto Plan de Acci\u00f3n Nacional para la Lucha contra la Desertificaci\u00f3n, Degradaci\u00f3n de Tierras y Sequ\u00eda (PAND), evento desarrollado en la Escuela Polit\u00e9cnica Nacional, en la ciudad de Quito.<\/p>\n<p style=\"text-align: justify;\">Al encuentro asistieron actores claves y tomadores de decisiones, representantes de empresas p\u00fablicas y privadas, gobiernos aut\u00f3nomos descentralizados, profesionales, docentes y organizaciones territoriales de base, con el fin de consolidar un espacio de intercambio de conocimientos y debate acerca de la problem\u00e1tica relacionada con la desertificaci\u00f3n, degradaci\u00f3n de la tierra y sequ\u00eda en el Ecuador.<\/p>\n<p style=\"text-align: justify;\">Andr\u00e9s Hubenthal, Subsecretario de Cambio Clim\u00e1tico, destac\u00f3 la importancia del Plan Nacional (PAND) como una estrategia integral de lucha contra la desertificaci\u00f3n y el cambio clim\u00e1tico, pues \u201csupone un compromiso de trabajo que comprende los sectores m\u00e1s vulnerables, el Estado y el compromiso ciudadano con el objetivo de contribuir con el desarrollo sostenible en el marco del Buen Vivir\u201d.<\/p>\n<p style=\"text-align: justify;\">Adem\u00e1s, Gabriel Jaramillo, representante del Programa de las Naciones Unidas para el Desarrollo (PNUD) resalt\u00f3 los esfuerzos del Ecuador en su lucha contra la desertificaci\u00f3n a trav\u00e9s de esta iniciativa que busca actualizar el Plan de Acci\u00f3n Nacional para disminuir los efectos adversos de la degradaci\u00f3n de la tierra, procurar la reducci\u00f3n de la pobreza y lograr la sostenibilidad ambiental a largo plazo.<\/p>\n<p style=\"text-align: justify;\">Adicionalmente, enfatiz\u00f3: \u201cEntre las causas principales para la degradaci\u00f3n de la tierra en el pa\u00eds est\u00e1n las actividades humanas como la aplicaci\u00f3n desordenada y sin planificaci\u00f3n de las zonas urbanas, la expansi\u00f3n de la frontera agr\u00edcola para la producci\u00f3n de m\u00e1s recursos para el consumo nacional y exportaci\u00f3n, el monocultivo, el pastoreo las pr\u00e1cticas productivas ineficientes el manejo inadecuado de cuencas hidrogr\u00e1ficas, entre otras\u201d.<\/p>\n<p style=\"text-align: justify;\">El taller fue un espacio de di\u00e1logo en el que los participantes compartieron opiniones y experiencias en tem\u00e1ticas de desarrollo y manejo sostenible de la Tierra, y de esta manera se gener\u00f3 un espacio de discusi\u00f3n y de articulaci\u00f3n de compromisos para futuras acciones referentes a la conservaci\u00f3n y manejo sostenible de las tierras, entendi\u00e9ndose este recurso natural como un patrimonio.<\/p>\n<p style=\"text-align: justify;\">Es as\u00ed que en el transcurso del evento los participantes se centraron en contextualizar la desertificaci\u00f3n dentro de la planificaci\u00f3n nacional, entre otros temas como: el sistema de geoinformaci\u00f3n sobre el sector agr\u00edcola, Plan Nacional del Agua, clasificador orientador de gastos en pol\u00edticas de ambiente, investigaciones sobre degradaci\u00f3n de los suelos en el Ecuador, caso de estudio: la cuenca del R\u00edo Paute y la sequ\u00eda en el Ecuador.<\/p>\n<p style=\"text-align: justify;\">Como resultado del encuentro, los delegados de las diferentes instancias se comprometieron a fortalecer las relaciones interinstitucionales mediante su participaci\u00f3n en temas relativos a la degradaci\u00f3n de la tierra, desertificaci\u00f3n y sequ\u00eda, adem\u00e1s de fomentar iniciativas de cooperaci\u00f3n entre la sociedad civil, sectores p\u00fablicos y privados.<\/p>\n<p style=\"text-align: justify;\">Adem\u00e1s, el taller permiti\u00f3 construir un espacio en el que los participantes fortalecieron su compromiso en realizar desde sus competencias acciones como documentar y sistematizar propuestas de manejo sostenible de la tierra implementadas a nivel local, regional, nacional e internacional; asimismo concertar una posici\u00f3n com\u00fan y con responsabilidades compartidas, frente al problema de la degradaci\u00f3n de la tierra en las zonas m\u00e1s fr\u00e1giles del pa\u00eds.<\/p>\n<p style=\"text-align: justify;\"><strong>El dato<\/strong><\/p>\n<p style=\"text-align: justify;\">El proyecto PAND se propone apoyar al Ecuador para el desarrollo del Programa de Acci\u00f3n Nacional de Lucha contra la Desertificaci\u00f3n, Degradaci\u00f3n de la Tierra y Sequ\u00eda, alineado a la Estrategia Decenal de la Convenci\u00f3n de Naciones Unidas para la Lucha contra la Desertificaci\u00f3n (CNULD) y la elaboraci\u00f3n del Reporte Nacional.<\/p>\n","protected":false},"excerpt":{"rendered":"<p class=\"excerpt\">El Ministerio del Ambiente realiz\u00f3 este martes 7 de abril, el Taller Inicio del Proyecto Plan de Acci\u00f3n Nacional para la Lucha contra la Desertificaci\u00f3n, Degradaci\u00f3n de Tierras y Sequ\u00eda (PAND), evento desarrollado en la Escuela Polit\u00e9cnica Nacional, en la ciudad de Quito. Al encuentro asistieron actores claves y tomadores de decisiones, representantes de empresas p\u00fablicas y privadas, gobiernos aut\u00f3nomos&hellip; <a href=\"https:\/\/www.ambienteyenergia.gob.ec\/ambiente\/ministerio-del-ambiente-impulsa-dialogo-con-actores-claves-sobre-desertificacion\/\">Read more &rarr;<\/a><\/p>\n","protected":false},"author":13,"featured_media":24985,"comment_status":"open","ping_status":"open","sticky":false,"template":"","format":"standard","meta":{"footnotes":""},"categories":[16,4],"tags":[],"class_list":["post-24984","post","type-post","status-publish","format-standard","has-post-thumbnail","hentry","category-comunicamos","category-noticias","xfolkentry"],"_links":{"self":[{"href":"https:\/\/www.ambienteyenergia.gob.ec\/ambiente\/wp-json\/wp\/v2\/posts\/24984","targetHints":{"allow":["GET"]}}],"collection":[{"href":"https:\/\/www.ambienteyenergia.gob.ec\/ambiente\/wp-json\/wp\/v2\/posts"}],"about":[{"href":"https:\/\/www.ambienteyenergia.gob.ec\/ambiente\/wp-json\/wp\/v2\/types\/post"}],"author":[{"embeddable":true,"href":"https:\/\/www.ambienteyenergia.gob.ec\/ambiente\/wp-json\/wp\/v2\/users\/13"}],"replies":[{"embeddable":true,"href":"https:\/\/www.ambienteyenergia.gob.ec\/ambiente\/wp-json\/wp\/v2\/comments?post=24984"}],"version-history":[{"count":0,"href":"https:\/\/www.ambienteyenergia.gob.ec\/ambiente\/wp-json\/wp\/v2\/posts\/24984\/revisions"}],"wp:featuredmedia":[{"embeddable":true,"href":"https:\/\/www.ambienteyenergia.gob.ec\/ambiente\/wp-json\/wp\/v2\/media\/24985"}],"wp:attachment":[{"href":"https:\/\/www.ambienteyenergia.gob.ec\/ambiente\/wp-json\/wp\/v2\/media?parent=24984"}],"wp:term":[{"taxonomy":"category","embeddable":true,"href":"https:\/\/www.ambienteyenergia.gob.ec\/ambiente\/wp-json\/wp\/v2\/categories?post=24984"},{"taxonomy":"post_tag","embeddable":true,"href":"https:\/\/www.ambienteyenergia.gob.ec\/ambiente\/wp-json\/wp\/v2\/tags?post=24984"}],"curies":[{"name":"wp","href":"https:\/\/api.w.org\/{rel}","templated":true}]}}