{"id":24980,"date":"2015-04-07T09:06:18","date_gmt":"2015-04-07T14:06:18","guid":{"rendered":"http:\/\/www.ambiente.gob.ec\/?p=24980"},"modified":"2015-04-07T09:06:18","modified_gmt":"2015-04-07T14:06:18","slug":"28-toneladas-de-residuos-fueron-retirados-de-43-playas-en-el-feriado-de-semana-santa","status":"publish","type":"post","link":"https:\/\/www.ambienteyenergia.gob.ec\/ambiente\/28-toneladas-de-residuos-fueron-retirados-de-43-playas-en-el-feriado-de-semana-santa\/","title":{"rendered":"28  toneladas de residuos fueron retirados de 43 playas en el feriado de Semana Santa"},"content":{"rendered":"<p style=\"text-align: justify;\">Durante el feriado de Semana Santa las Direcciones Provinciales de Esmeraldas, Manab\u00ed, Guayas, Santa Elena y El Oro trabajaron arduamente para limpiar las playas de cada una de sus jurisdicciones. El trabajo conjunto logr\u00f3 recolectar en los tres d\u00edas un total de 28 toneladas de residuos.<\/p>\n<p style=\"text-align: justify;\">\n<p style=\"text-align: justify;\">Este resultado se logr\u00f3 gracias a la colaboraci\u00f3n de 2 031 voluntarios, entre funcionarios de las Direcciones Provinciales, funcionarios de los Municipios, prestadores de servicios tur\u00edsticos, pescadores y moradores quienes recorrieron un total de 100 km de 43 playas de la Costa ecuatoriana para evitar que los desechos generados durante las actividades tur\u00edsticas lleguen al mar.<\/p>\n<p style=\"text-align: justify;\">\n<p style=\"text-align: justify;\">Entre los desechos que m\u00e1s se encontraron estuvieron: ramas (propias del invierno); envases de comida, pl\u00e1stico y vidrio. Santa Elena fue la provincia donde existi\u00f3 mayor recolecci\u00f3n con 13,8 toneladas de residuos rescatados gracias a la colaboraci\u00f3n de 1 557 personas.<\/p>\n<p style=\"text-align: justify;\">\n<p style=\"text-align: justify;\">Una vez m\u00e1s, el Programa Nacional para la Gesti\u00f3n Integral de Desechos S\u00f3lidos del Ministerio del Ambiente (MAE-PNGIDS) hace hincapi\u00e9 en que los habitantes y los turistas que viajan a la Cosa ecuatoriana no arrojen sus desechos en la arena sino que, en caso de que no exista un basurero, coloquen sus desperdicios en una funda reutilizable, para ser vaciada en los dep\u00f3sitos de destino final m\u00e1s cercanos.\/ba-ds<\/p>\n","protected":false},"excerpt":{"rendered":"<p class=\"excerpt\">Durante el feriado de Semana Santa las Direcciones Provinciales de Esmeraldas, Manab\u00ed, Guayas, Santa Elena y El Oro trabajaron arduamente para limpiar las playas de cada una de sus jurisdicciones. El trabajo conjunto logr\u00f3 recolectar en los tres d\u00edas un total de 28 toneladas de residuos. Este resultado se logr\u00f3 gracias a la colaboraci\u00f3n de 2 031 voluntarios, entre funcionarios&hellip; <a href=\"https:\/\/www.ambienteyenergia.gob.ec\/ambiente\/28-toneladas-de-residuos-fueron-retirados-de-43-playas-en-el-feriado-de-semana-santa\/\">Read more &rarr;<\/a><\/p>\n","protected":false},"author":13,"featured_media":24981,"comment_status":"open","ping_status":"open","sticky":false,"template":"","format":"standard","meta":{"footnotes":""},"categories":[16,4],"tags":[],"class_list":["post-24980","post","type-post","status-publish","format-standard","has-post-thumbnail","hentry","category-comunicamos","category-noticias","xfolkentry"],"_links":{"self":[{"href":"https:\/\/www.ambienteyenergia.gob.ec\/ambiente\/wp-json\/wp\/v2\/posts\/24980","targetHints":{"allow":["GET"]}}],"collection":[{"href":"https:\/\/www.ambienteyenergia.gob.ec\/ambiente\/wp-json\/wp\/v2\/posts"}],"about":[{"href":"https:\/\/www.ambienteyenergia.gob.ec\/ambiente\/wp-json\/wp\/v2\/types\/post"}],"author":[{"embeddable":true,"href":"https:\/\/www.ambienteyenergia.gob.ec\/ambiente\/wp-json\/wp\/v2\/users\/13"}],"replies":[{"embeddable":true,"href":"https:\/\/www.ambienteyenergia.gob.ec\/ambiente\/wp-json\/wp\/v2\/comments?post=24980"}],"version-history":[{"count":0,"href":"https:\/\/www.ambienteyenergia.gob.ec\/ambiente\/wp-json\/wp\/v2\/posts\/24980\/revisions"}],"wp:featuredmedia":[{"embeddable":true,"href":"https:\/\/www.ambienteyenergia.gob.ec\/ambiente\/wp-json\/wp\/v2\/media\/24981"}],"wp:attachment":[{"href":"https:\/\/www.ambienteyenergia.gob.ec\/ambiente\/wp-json\/wp\/v2\/media?parent=24980"}],"wp:term":[{"taxonomy":"category","embeddable":true,"href":"https:\/\/www.ambienteyenergia.gob.ec\/ambiente\/wp-json\/wp\/v2\/categories?post=24980"},{"taxonomy":"post_tag","embeddable":true,"href":"https:\/\/www.ambienteyenergia.gob.ec\/ambiente\/wp-json\/wp\/v2\/tags?post=24980"}],"curies":[{"name":"wp","href":"https:\/\/api.w.org\/{rel}","templated":true}]}}