{"id":24974,"date":"2015-04-06T15:39:19","date_gmt":"2015-04-06T20:39:19","guid":{"rendered":"http:\/\/www.ambiente.gob.ec\/?p=24974"},"modified":"2015-04-06T15:39:19","modified_gmt":"2015-04-06T20:39:19","slug":"mae-capacito-a-guardaparques-comunitarios","status":"publish","type":"post","link":"https:\/\/www.ambienteyenergia.gob.ec\/ambiente\/mae-capacito-a-guardaparques-comunitarios\/","title":{"rendered":"MAE capacit\u00f3 a guardaparques comunitarios"},"content":{"rendered":"<p>El Ministerio del Ambiente en coordinaci\u00f3n con el programa Socio Bosque capacit\u00f3 a 4 guardabosques comunitarios de la provincia Morona Santiago la semana pasada, con el fin de fortalecer los conocimientos de los guardabosques, en temas como: Diversidad Biol\u00f3gica en el Ecuador, Diversidad y Factores F\u00edsicos de los Ecosistemas, Derechos de la Naturaleza y Vida Silvestre; y manejo de GPS.<\/p>\n<p>La capacitaci\u00f3n tuvo una duraci\u00f3n de 40 horas, desde el 30 de marzo hasta el 3 de abril, distribuy\u00e9ndose en teor\u00eda y pr\u00e1ctica. La primera se la realiz\u00f3 en las oficinas del Parque Nacional Sangay y la segunda en las parroquias Zu\u00f1ac, Sina\u00ed y San Isidro.<\/p>\n<p>Durante este per\u00edodo se compartieron experiencias vividas por parte de los Guardaparques de Sangay para poder aplicarlo en sus comunidades.<\/p>\n<p>Los participantes visitaron los sectores de mayor afluencia de turistas, adem\u00e1s de los lugares en donde se realizan actividades de control que tiene el \u00c1rea Protegida como lo es: Sardinayacu y la guardian\u00eda de Nueva Alianza en la parroquia Sina\u00ed, Tinguicha y Atillo en la parroquia Zu\u00f1ac y Domono en San Isidro.<\/p>\n<p>Las comunidades que son beneficiadas directamente con la capacitaci\u00f3n son: la Comunidad Tumpaim de la parroquia Yaupi de Logro\u00f1o, y Comunidad Kaant de la parroquia San Jos\u00e9 de Morona.<\/p>\n<p>Las personas capacitadas aplicaran sus conocimientos en sus lugares de procedencia. As\u00ed las comunidades se beneficiar\u00e1n a nivel local y ecosist\u00e9mico.<\/p>\n<p>El Ministerio del Ambiente impulsa este tipo de capacitaciones, charlas, talleres en beneficio de la comunidad.\/cp-ds<\/p>\n","protected":false},"excerpt":{"rendered":"<p class=\"excerpt\">El Ministerio del Ambiente en coordinaci\u00f3n con el programa Socio Bosque capacit\u00f3 a 4 guardabosques comunitarios de la provincia Morona Santiago la semana pasada, con el fin de fortalecer los conocimientos de los guardabosques, en temas como: Diversidad Biol\u00f3gica en el Ecuador, Diversidad y Factores F\u00edsicos de los Ecosistemas, Derechos de la Naturaleza y Vida Silvestre; y manejo de GPS.&hellip; <a href=\"https:\/\/www.ambienteyenergia.gob.ec\/ambiente\/mae-capacito-a-guardaparques-comunitarios\/\">Read more &rarr;<\/a><\/p>\n","protected":false},"author":13,"featured_media":24975,"comment_status":"open","ping_status":"open","sticky":false,"template":"","format":"standard","meta":{"footnotes":""},"categories":[16,4],"tags":[453,691,108,53,52],"class_list":["post-24974","post","type-post","status-publish","format-standard","has-post-thumbnail","hentry","category-comunicamos","category-noticias","tag-capacitacion","tag-guardaparques-comunitarios","tag-lorena-tapia","tag-mae","tag-socio-bosque","xfolkentry"],"_links":{"self":[{"href":"https:\/\/www.ambienteyenergia.gob.ec\/ambiente\/wp-json\/wp\/v2\/posts\/24974","targetHints":{"allow":["GET"]}}],"collection":[{"href":"https:\/\/www.ambienteyenergia.gob.ec\/ambiente\/wp-json\/wp\/v2\/posts"}],"about":[{"href":"https:\/\/www.ambienteyenergia.gob.ec\/ambiente\/wp-json\/wp\/v2\/types\/post"}],"author":[{"embeddable":true,"href":"https:\/\/www.ambienteyenergia.gob.ec\/ambiente\/wp-json\/wp\/v2\/users\/13"}],"replies":[{"embeddable":true,"href":"https:\/\/www.ambienteyenergia.gob.ec\/ambiente\/wp-json\/wp\/v2\/comments?post=24974"}],"version-history":[{"count":0,"href":"https:\/\/www.ambienteyenergia.gob.ec\/ambiente\/wp-json\/wp\/v2\/posts\/24974\/revisions"}],"wp:featuredmedia":[{"embeddable":true,"href":"https:\/\/www.ambienteyenergia.gob.ec\/ambiente\/wp-json\/wp\/v2\/media\/24975"}],"wp:attachment":[{"href":"https:\/\/www.ambienteyenergia.gob.ec\/ambiente\/wp-json\/wp\/v2\/media?parent=24974"}],"wp:term":[{"taxonomy":"category","embeddable":true,"href":"https:\/\/www.ambienteyenergia.gob.ec\/ambiente\/wp-json\/wp\/v2\/categories?post=24974"},{"taxonomy":"post_tag","embeddable":true,"href":"https:\/\/www.ambienteyenergia.gob.ec\/ambiente\/wp-json\/wp\/v2\/tags?post=24974"}],"curies":[{"name":"wp","href":"https:\/\/api.w.org\/{rel}","templated":true}]}}