{"id":24970,"date":"2015-04-02T16:54:25","date_gmt":"2015-04-02T21:54:25","guid":{"rendered":"http:\/\/www.ambiente.gob.ec\/?p=24970"},"modified":"2015-04-02T16:54:25","modified_gmt":"2015-04-02T21:54:25","slug":"100-km-de-playa-se-recorreran-en-la-costa-por-limpieza-de-playas-este-feriado-de-semana-santa","status":"publish","type":"post","link":"https:\/\/www.ambienteyenergia.gob.ec\/ambiente\/100-km-de-playa-se-recorreran-en-la-costa-por-limpieza-de-playas-este-feriado-de-semana-santa\/","title":{"rendered":"100 km de playa se recorrer\u00e1n en la Costa por \u201cLimpieza de Playas\u201d este Feriado de Semana Santa"},"content":{"rendered":"<p style=\"text-align: justify;\">Desde las 06h00 de este viernes hasta las 18h30 de este domingo se realizar\u00e1 el evento de Limpieza de Playas en 43 balnearios de la Costa ecuatoriana de las provincias de Esmeraldas, Manab\u00ed, Guayas, Santa Elena y El Oro.<\/p>\n<p style=\"text-align: justify;\">\n<p style=\"text-align: justify;\">Los funcionarios de las Direcciones Provinciales mencionadas junto a funcionarios de los Municipios, prestadores de servicios tur\u00edsticos, voluntarios y moradores recorrer\u00e1n 100 km de las playas de la Costa ecuatoriana para evitar que los desechos que se encuentran en la arena lleguen al mar.<\/p>\n<p style=\"text-align: justify;\">\n<p style=\"text-align: justify;\">Sin embargo, el trabajo resulta ineficiente si no existe la colaboraci\u00f3n de la ciudadan\u00eda. As\u00ed lo asegur\u00f3 Pablo Segale, Director Provincial de Guayas, \u201ces importante que quienes van al mar recuerden disponer sus residuos correctamente. Si no existen basureros, lleve una funda reutilizable y coloque ah\u00ed sus desechos para arrojarlos definitivamente en el punto m\u00e1s cercano posible, pero no en la arena\u201d. A su pedido, se unen los otros Directores Provinciales quienes piden se recuerde que los desechos en el mar traen fatales consecuencias para los animales marinos.<\/p>\n<p style=\"text-align: justify;\">\n<p style=\"text-align: justify;\">En el \u00faltimo feriado de Carnaval 51.557 kg de desechos fueron rescatados de las playas gracias al evento de Limpieza de Playas, realizado por el Ministerio del Ambiente, de forma permanente durante cada feriado.<\/p>\n<p style=\"text-align: justify;\">\n","protected":false},"excerpt":{"rendered":"<p class=\"excerpt\">Desde las 06h00 de este viernes hasta las 18h30 de este domingo se realizar\u00e1 el evento de Limpieza de Playas en 43 balnearios de la Costa ecuatoriana de las provincias de Esmeraldas, Manab\u00ed, Guayas, Santa Elena y El Oro. Los funcionarios de las Direcciones Provinciales mencionadas junto a funcionarios de los Municipios, prestadores de servicios tur\u00edsticos, voluntarios y moradores recorrer\u00e1n&hellip; <a href=\"https:\/\/www.ambienteyenergia.gob.ec\/ambiente\/100-km-de-playa-se-recorreran-en-la-costa-por-limpieza-de-playas-este-feriado-de-semana-santa\/\">Read more &rarr;<\/a><\/p>\n","protected":false},"author":13,"featured_media":24971,"comment_status":"open","ping_status":"open","sticky":false,"template":"","format":"standard","meta":{"footnotes":""},"categories":[16,4],"tags":[],"class_list":["post-24970","post","type-post","status-publish","format-standard","has-post-thumbnail","hentry","category-comunicamos","category-noticias","xfolkentry"],"_links":{"self":[{"href":"https:\/\/www.ambienteyenergia.gob.ec\/ambiente\/wp-json\/wp\/v2\/posts\/24970","targetHints":{"allow":["GET"]}}],"collection":[{"href":"https:\/\/www.ambienteyenergia.gob.ec\/ambiente\/wp-json\/wp\/v2\/posts"}],"about":[{"href":"https:\/\/www.ambienteyenergia.gob.ec\/ambiente\/wp-json\/wp\/v2\/types\/post"}],"author":[{"embeddable":true,"href":"https:\/\/www.ambienteyenergia.gob.ec\/ambiente\/wp-json\/wp\/v2\/users\/13"}],"replies":[{"embeddable":true,"href":"https:\/\/www.ambienteyenergia.gob.ec\/ambiente\/wp-json\/wp\/v2\/comments?post=24970"}],"version-history":[{"count":0,"href":"https:\/\/www.ambienteyenergia.gob.ec\/ambiente\/wp-json\/wp\/v2\/posts\/24970\/revisions"}],"wp:featuredmedia":[{"embeddable":true,"href":"https:\/\/www.ambienteyenergia.gob.ec\/ambiente\/wp-json\/wp\/v2\/media\/24971"}],"wp:attachment":[{"href":"https:\/\/www.ambienteyenergia.gob.ec\/ambiente\/wp-json\/wp\/v2\/media?parent=24970"}],"wp:term":[{"taxonomy":"category","embeddable":true,"href":"https:\/\/www.ambienteyenergia.gob.ec\/ambiente\/wp-json\/wp\/v2\/categories?post=24970"},{"taxonomy":"post_tag","embeddable":true,"href":"https:\/\/www.ambienteyenergia.gob.ec\/ambiente\/wp-json\/wp\/v2\/tags?post=24970"}],"curies":[{"name":"wp","href":"https:\/\/api.w.org\/{rel}","templated":true}]}}