{"id":24967,"date":"2015-04-02T14:48:23","date_gmt":"2015-04-02T19:48:23","guid":{"rendered":"http:\/\/www.ambiente.gob.ec\/?p=24967"},"modified":"2015-04-02T14:48:23","modified_gmt":"2015-04-02T19:48:23","slug":"13-997m3-de-madera-decomisada-fue-entrega-a-centro-de-rehabilitacion-social-de-archidona","status":"publish","type":"post","link":"https:\/\/www.ambienteyenergia.gob.ec\/ambiente\/13-997m3-de-madera-decomisada-fue-entrega-a-centro-de-rehabilitacion-social-de-archidona\/","title":{"rendered":"13 997m3 de madera decomisada fue entrega a Centro de Rehabilitaci\u00f3n Social de Archidona"},"content":{"rendered":"<p align=\"JUSTIFY\">El Ministerio del Ambiente, a trav\u00e9s de la Direcci\u00f3n Provincial del Ambiente de Napo, mediante acuerdo ministerial No. 56, realiz\u00f3 la entrega de 13 997m<sup>3<\/sup> de madera de las especies de cedro y caoba al Centro de Rehabilitaci\u00f3n Social de Archidona.<\/p>\n<p align=\"JUSTIFY\">El 8 de febrero del 2007 el Ministerio del Ambiente estableci\u00f3 en todo el territorio nacional del Ecuador la veda por dos a\u00f1os de las especies maderables de caoba y cedro, refiri\u00e9ndose a la corta de arboles y su aprovechamiento.<\/p>\n<p align=\"JUSTIFY\">Vladimir Placencia, Director Nacional Forestal, manifest\u00f3 que \u201cesta es una revoluci\u00f3n ambiental y social que busca fomentar el consumo responsable de nuestros recursos forestales\u201d.<\/p>\n<p align=\"JUSTIFY\">Por su parte Jimmy Vargas, Persona Privada de la Libertad (PPL) del \u00e1rea de carpinter\u00eda agradeci\u00f3 el aporte de esta Cartera de Estado y agreg\u00f3 que \u201cesto es un incentivo para continuar con nuestro trabajo que es adem\u00e1s el sustento de nuestras familias\u201d, acot\u00f3.<\/p>\n<p align=\"JUSTIFY\">El centro de rehabilitaci\u00f3n Social de Archidona utilizara el producto forestal en programas de terapia ocupacional, mismos que permitan a todos los internos adquirir conocimientos y habilidades en carpinter\u00eda.\/pg-ds<\/p>\n","protected":false},"excerpt":{"rendered":"<p class=\"excerpt\">El Ministerio del Ambiente, a trav\u00e9s de la Direcci\u00f3n Provincial del Ambiente de Napo, mediante acuerdo ministerial No. 56, realiz\u00f3 la entrega de 13 997m3 de madera de las especies de cedro y caoba al Centro de Rehabilitaci\u00f3n Social de Archidona. El 8 de febrero del 2007 el Ministerio del Ambiente estableci\u00f3 en todo el territorio nacional del Ecuador la&hellip; <a href=\"https:\/\/www.ambienteyenergia.gob.ec\/ambiente\/13-997m3-de-madera-decomisada-fue-entrega-a-centro-de-rehabilitacion-social-de-archidona\/\">Read more &rarr;<\/a><\/p>\n","protected":false},"author":13,"featured_media":24968,"comment_status":"open","ping_status":"open","sticky":false,"template":"","format":"standard","meta":{"footnotes":""},"categories":[16,4],"tags":[],"class_list":["post-24967","post","type-post","status-publish","format-standard","has-post-thumbnail","hentry","category-comunicamos","category-noticias","xfolkentry"],"_links":{"self":[{"href":"https:\/\/www.ambienteyenergia.gob.ec\/ambiente\/wp-json\/wp\/v2\/posts\/24967","targetHints":{"allow":["GET"]}}],"collection":[{"href":"https:\/\/www.ambienteyenergia.gob.ec\/ambiente\/wp-json\/wp\/v2\/posts"}],"about":[{"href":"https:\/\/www.ambienteyenergia.gob.ec\/ambiente\/wp-json\/wp\/v2\/types\/post"}],"author":[{"embeddable":true,"href":"https:\/\/www.ambienteyenergia.gob.ec\/ambiente\/wp-json\/wp\/v2\/users\/13"}],"replies":[{"embeddable":true,"href":"https:\/\/www.ambienteyenergia.gob.ec\/ambiente\/wp-json\/wp\/v2\/comments?post=24967"}],"version-history":[{"count":0,"href":"https:\/\/www.ambienteyenergia.gob.ec\/ambiente\/wp-json\/wp\/v2\/posts\/24967\/revisions"}],"wp:featuredmedia":[{"embeddable":true,"href":"https:\/\/www.ambienteyenergia.gob.ec\/ambiente\/wp-json\/wp\/v2\/media\/24968"}],"wp:attachment":[{"href":"https:\/\/www.ambienteyenergia.gob.ec\/ambiente\/wp-json\/wp\/v2\/media?parent=24967"}],"wp:term":[{"taxonomy":"category","embeddable":true,"href":"https:\/\/www.ambienteyenergia.gob.ec\/ambiente\/wp-json\/wp\/v2\/categories?post=24967"},{"taxonomy":"post_tag","embeddable":true,"href":"https:\/\/www.ambienteyenergia.gob.ec\/ambiente\/wp-json\/wp\/v2\/tags?post=24967"}],"curies":[{"name":"wp","href":"https:\/\/api.w.org\/{rel}","templated":true}]}}