{"id":24964,"date":"2015-04-02T14:40:43","date_gmt":"2015-04-02T19:40:43","guid":{"rendered":"http:\/\/www.ambiente.gob.ec\/?p=24964"},"modified":"2015-04-02T14:40:43","modified_gmt":"2015-04-02T19:40:43","slug":"1-500-plantas-nativas-fueron-sembradas-en-cotopaxi","status":"publish","type":"post","link":"https:\/\/www.ambienteyenergia.gob.ec\/ambiente\/1-500-plantas-nativas-fueron-sembradas-en-cotopaxi\/","title":{"rendered":"1 500 plantas nativas fueron sembradas en Cotopaxi"},"content":{"rendered":"<p align=\"JUSTIFY\"><span style=\"font-family: Times New Roman,serif;\"><span style=\"font-size: medium;\">La Direcci\u00f3n Provincial del Ambiente de Cotopaxi, conjuntamente con autoridades del Gobierno Aut\u00f3nomo Descentralizado Municipal de Pujil\u00ed celebr\u00f3 el D\u00eda Mundial Forestal.<\/span><\/span><\/p>\n<p align=\"JUSTIFY\"><span style=\"font-family: Times New Roman,serif;\"><span style=\"font-size: medium;\">Durante el evento se reforestaron tres hect\u00e1reas en el cant\u00f3n de Pujil\u00ed, Cerro de Sinchaguasin como parte del Programa de Conservaci\u00f3n Ambiental y Protecci\u00f3n de Cuencas H\u00eddricas. En esta actividad participaron alrededor de 250 personas, entre ellos estudiantes de la Unidad Educativa Sim\u00f3n Rodr\u00edguez, <span lang=\"es-ES\">Colegios T\u00e9cnico Pujil\u00ed y Experimental Provincia de Cotopaxi, Empresa Familia Sancela, <\/span> as\u00ed como tambi\u00e9n servidores p\u00fablicos de la Direcci\u00f3n Provincial.<\/span><\/span><\/p>\n<p align=\"JUSTIFY\"><span style=\"font-family: Times New Roman,serif;\"><span style=\"font-size: medium;\">Con la presentaci\u00f3n de la Banda Musical del Cant\u00f3n Pujil\u00ed se desarroll\u00f3 el evento que cont\u00f3 con la intervenci\u00f3n de Mar\u00eda Ver\u00f3nica Cepeda, Directora Provincial y el Alcalde del Cant\u00f3n Pujil\u00ed, Fernando Matute. En la presentaci\u00f3n del programa de reforestaci\u00f3n participaron, adem\u00e1s, los rectores de cada uno de las unidades educativas, quienes resaltaron la importancia de esta iniciativa en beneficio de la naturaleza y de la poblaci\u00f3n.<\/span><\/span><\/p>\n<p align=\"JUSTIFY\"><span style=\"font-family: Times New Roman,serif;\"><span style=\"font-size: medium;\">Es as\u00ed que se plantaron un total de 1 500 plantas nativas, entre ellas: colle, guarango, yaloman, arupo, faique, jacaranda, chol\u00e1n. <\/span><\/span><\/p>\n<p align=\"JUSTIFY\"><span style=\"font-family: Times New Roman,serif;\"><span style=\"font-size: medium;\">Ver\u00f3nica Cepeda reconoci\u00f3 que \u201c3l Ministerio del Ambiente como ente rector del sector ambiental no escatimar\u00e1 esfuerzos para tomar decisiones e implementar pol\u00edticas en material forestal que permitan consolidar un Ecuador Verde. La conservaci\u00f3n y mantenimiento de los recursos forestales depende de cada uno de nosotros\u201d.\/gm-ds<\/span><\/span><\/p>\n","protected":false},"excerpt":{"rendered":"<p class=\"excerpt\">La Direcci\u00f3n Provincial del Ambiente de Cotopaxi, conjuntamente con autoridades del Gobierno Aut\u00f3nomo Descentralizado Municipal de Pujil\u00ed celebr\u00f3 el D\u00eda Mundial Forestal. Durante el evento se reforestaron tres hect\u00e1reas en el cant\u00f3n de Pujil\u00ed, Cerro de Sinchaguasin como parte del Programa de Conservaci\u00f3n Ambiental y Protecci\u00f3n de Cuencas H\u00eddricas. En esta actividad participaron alrededor de 250 personas, entre ellos estudiantes&hellip; <a href=\"https:\/\/www.ambienteyenergia.gob.ec\/ambiente\/1-500-plantas-nativas-fueron-sembradas-en-cotopaxi\/\">Read more &rarr;<\/a><\/p>\n","protected":false},"author":13,"featured_media":24965,"comment_status":"open","ping_status":"open","sticky":false,"template":"","format":"standard","meta":{"footnotes":""},"categories":[16,4],"tags":[],"class_list":["post-24964","post","type-post","status-publish","format-standard","has-post-thumbnail","hentry","category-comunicamos","category-noticias","xfolkentry"],"_links":{"self":[{"href":"https:\/\/www.ambienteyenergia.gob.ec\/ambiente\/wp-json\/wp\/v2\/posts\/24964","targetHints":{"allow":["GET"]}}],"collection":[{"href":"https:\/\/www.ambienteyenergia.gob.ec\/ambiente\/wp-json\/wp\/v2\/posts"}],"about":[{"href":"https:\/\/www.ambienteyenergia.gob.ec\/ambiente\/wp-json\/wp\/v2\/types\/post"}],"author":[{"embeddable":true,"href":"https:\/\/www.ambienteyenergia.gob.ec\/ambiente\/wp-json\/wp\/v2\/users\/13"}],"replies":[{"embeddable":true,"href":"https:\/\/www.ambienteyenergia.gob.ec\/ambiente\/wp-json\/wp\/v2\/comments?post=24964"}],"version-history":[{"count":0,"href":"https:\/\/www.ambienteyenergia.gob.ec\/ambiente\/wp-json\/wp\/v2\/posts\/24964\/revisions"}],"wp:featuredmedia":[{"embeddable":true,"href":"https:\/\/www.ambienteyenergia.gob.ec\/ambiente\/wp-json\/wp\/v2\/media\/24965"}],"wp:attachment":[{"href":"https:\/\/www.ambienteyenergia.gob.ec\/ambiente\/wp-json\/wp\/v2\/media?parent=24964"}],"wp:term":[{"taxonomy":"category","embeddable":true,"href":"https:\/\/www.ambienteyenergia.gob.ec\/ambiente\/wp-json\/wp\/v2\/categories?post=24964"},{"taxonomy":"post_tag","embeddable":true,"href":"https:\/\/www.ambienteyenergia.gob.ec\/ambiente\/wp-json\/wp\/v2\/tags?post=24964"}],"curies":[{"name":"wp","href":"https:\/\/api.w.org\/{rel}","templated":true}]}}