{"id":24960,"date":"2015-04-02T14:17:08","date_gmt":"2015-04-02T19:17:08","guid":{"rendered":"http:\/\/www.ambiente.gob.ec\/?p=24960"},"modified":"2015-04-02T14:17:08","modified_gmt":"2015-04-02T19:17:08","slug":"18-m3-de-madera-decomisados-en-imbabura","status":"publish","type":"post","link":"https:\/\/www.ambienteyenergia.gob.ec\/ambiente\/18-m3-de-madera-decomisados-en-imbabura\/","title":{"rendered":"1,8 m3 de madera decomisados en Imbabura"},"content":{"rendered":"<p style=\"text-align: justify;\" align=\"JUSTIFY\">Como resultado de un operativo de control realizado en el Sector de Urcusiqui, v\u00eda a la zona de Intag, gracias al trabajo conjunto del Ministerio del Ambiente de Ecuador (MAE) y la Unidad de Protecci\u00f3n del Medio Ambiente (UPMA) de la Polic\u00eda Nacional se logr\u00f3 decomisar 1,8m<sup>3 <\/sup>de madera ilegal que era transportada por el lugar.<\/p>\n<p style=\"text-align: justify;\" align=\"JUSTIFY\">Esta actividad se la realiz\u00f3 con el objetivo de verificar el transporte ilegal palma de cera y productos forestales, por medio de la verificaci\u00f3n de los respectivos permisos de circulaci\u00f3n de la madera.<\/p>\n<p style=\"text-align: justify;\" align=\"JUSTIFY\">Actualmente la madera se encuentra retenida en los patios de la Polic\u00eda Nacional para continuar con el proceso correspondiente, por medio de la Asesor\u00eda del \u00c1rea Jur\u00eddica de la Direcci\u00f3n Provincial del Ambiente de Imbabura.\/da-ds<\/p>\n","protected":false},"excerpt":{"rendered":"<p class=\"excerpt\">Como resultado de un operativo de control realizado en el Sector de Urcusiqui, v\u00eda a la zona de Intag, gracias al trabajo conjunto del Ministerio del Ambiente de Ecuador (MAE) y la Unidad de Protecci\u00f3n del Medio Ambiente (UPMA) de la Polic\u00eda Nacional se logr\u00f3 decomisar 1,8m3 de madera ilegal que era transportada por el lugar. Esta actividad se la&hellip; <a href=\"https:\/\/www.ambienteyenergia.gob.ec\/ambiente\/18-m3-de-madera-decomisados-en-imbabura\/\">Read more &rarr;<\/a><\/p>\n","protected":false},"author":13,"featured_media":24962,"comment_status":"open","ping_status":"open","sticky":false,"template":"","format":"standard","meta":{"footnotes":""},"categories":[16,4],"tags":[],"class_list":["post-24960","post","type-post","status-publish","format-standard","has-post-thumbnail","hentry","category-comunicamos","category-noticias","xfolkentry"],"_links":{"self":[{"href":"https:\/\/www.ambienteyenergia.gob.ec\/ambiente\/wp-json\/wp\/v2\/posts\/24960","targetHints":{"allow":["GET"]}}],"collection":[{"href":"https:\/\/www.ambienteyenergia.gob.ec\/ambiente\/wp-json\/wp\/v2\/posts"}],"about":[{"href":"https:\/\/www.ambienteyenergia.gob.ec\/ambiente\/wp-json\/wp\/v2\/types\/post"}],"author":[{"embeddable":true,"href":"https:\/\/www.ambienteyenergia.gob.ec\/ambiente\/wp-json\/wp\/v2\/users\/13"}],"replies":[{"embeddable":true,"href":"https:\/\/www.ambienteyenergia.gob.ec\/ambiente\/wp-json\/wp\/v2\/comments?post=24960"}],"version-history":[{"count":0,"href":"https:\/\/www.ambienteyenergia.gob.ec\/ambiente\/wp-json\/wp\/v2\/posts\/24960\/revisions"}],"wp:featuredmedia":[{"embeddable":true,"href":"https:\/\/www.ambienteyenergia.gob.ec\/ambiente\/wp-json\/wp\/v2\/media\/24962"}],"wp:attachment":[{"href":"https:\/\/www.ambienteyenergia.gob.ec\/ambiente\/wp-json\/wp\/v2\/media?parent=24960"}],"wp:term":[{"taxonomy":"category","embeddable":true,"href":"https:\/\/www.ambienteyenergia.gob.ec\/ambiente\/wp-json\/wp\/v2\/categories?post=24960"},{"taxonomy":"post_tag","embeddable":true,"href":"https:\/\/www.ambienteyenergia.gob.ec\/ambiente\/wp-json\/wp\/v2\/tags?post=24960"}],"curies":[{"name":"wp","href":"https:\/\/api.w.org\/{rel}","templated":true}]}}