{"id":24955,"date":"2015-04-02T10:26:38","date_gmt":"2015-04-02T15:26:38","guid":{"rendered":"http:\/\/www.ambiente.gob.ec\/?p=24955"},"modified":"2015-04-06T16:58:00","modified_gmt":"2015-04-06T21:58:00","slug":"resultados-positivos-como-resultado-de-la-campana-de-tradicion-y-conservacion-van-de-la-mano","status":"publish","type":"post","link":"https:\/\/www.ambienteyenergia.gob.ec\/ambiente\/resultados-positivos-como-resultado-de-la-campana-de-tradicion-y-conservacion-van-de-la-mano\/","title":{"rendered":"Resultados positivos fruto de la campa\u00f1a de Tradici\u00f3n y Conservaci\u00f3n van de la Mano"},"content":{"rendered":"<p>Con el objetivo de sensibilizar a la comunidad en general sobre la importancia de evitar el uso indiscriminado de la palma de cera para la elaboraci\u00f3n de ramos en la celebraci\u00f3n de Semana Santa, el Ministerio del Ambiente realiza la campa\u00f1a \u201cTradici\u00f3n y Conservaci\u00f3n van de la Mano\u201d, la misma que ha adoptada por parte de los fieles cat\u00f3licos y la comunidad en general.<\/p>\n<p>Por conmemorarse el quinto a\u00f1o consecutivo de la ejecuci\u00f3n de esta campa\u00f1a, diferentes Direcciones Provinciales del Ambiente han implementado actividades de informaci\u00f3n, sensibilizaci\u00f3n y operativos de control.<\/p>\n<p><strong>Ca\u00f1ar<\/strong><\/p>\n<p>La Direcci\u00f3n Provincial de Ca\u00f1ar en conjunto con la Unidad de Protecci\u00f3n del Medio Ambiente de la Polic\u00eda Nacional (UPMA-Ca\u00f1ar) y J\u00f3venes del Servicio Civil Ciudadano, colocaron afiches y realizaron eventos de socializaci\u00f3n en los principales sitios de la provincia para motivar el uso de materiales alternativos en la elaboraci\u00f3n de Ramos.<\/p>\n<p>Fueron decomisadas 200 artesan\u00edas (cruces, aventadores, estrellas) elaboradas con palma de cera y ramilletes de palma, cifra que ha decrecido en relaci\u00f3n a operativos efectuados en a\u00f1os anteriores donde sobrepasaban los 400.<\/p>\n<p><strong>Santo Domingo<\/strong><\/p>\n<p>En Santo Domingo de los Ts\u00e1chilas, la venta de la palma de cera disminuy\u00f3 notablemente, gracias al trabajo conjunto y coordinado entre el MAE y la Polic\u00eda Nacional, adem\u00e1s del aporte de la curia. Se entregaron a los fieles religiosos que asistieron a las diferentes iglesias cat\u00f3licas de esta ciudad y provincia 1500 ramos de materiales alternativos tales como el bamb\u00fa, paja toquilla entre otros.<\/p>\n<p>Pastaza cont\u00f3 con carpas informativas en las iglesias Catedral y el Dorado donde funcionarios del MAE y j\u00f3venes del Servicio Civil Ciudadano promocionaron la utilizaci\u00f3n de ramos alternativos y se difundi\u00f3 la importancia de la conservaci\u00f3n de la Palma de cera.<\/p>\n<p><strong>Manab\u00ed<\/strong><\/p>\n<p>En Manab\u00ed se entregaron 4 000 ramos de materiales alternativos elaborados con romero, eucalipto, manzanilla y otros. Sin embargo no fue una cantidad suficiente para la gran afluencia de feligreses que visitaron las iglesias y ten\u00edan conocimiento de la campa\u00f1a. El apoyo de los Municipios comprometidos fue fundamental para realizar esta actividad.<\/p>\n<p><strong>Chimborazo<\/strong><\/p>\n<p>La provincia de Chimborazo realiz\u00f3 conversatorios de sensibilizaci\u00f3n ciudadana. Funcionarios de la Direcci\u00f3n Provincial participaron en la Casa Abierta que se desarroll\u00f3 en el parque central, en la que, mediante la utilizaci\u00f3n de materiales como eucalipto, santa Mar\u00eda, ruda, romero, tilo y flores ornamentales demostraron a los asistentes que el ingenio es la \u00fanica herramienta necesaria para crear ramos \u00fanicos y vistosos.<\/p>\n<p><strong>Bolivar<\/strong><\/p>\n<p>En Bol\u00edvar se prepar\u00f3 una campa\u00f1a de teatro para j\u00f3venes y adultos en la cual se capacit\u00f3 a 2 480 personas entre estudiantes y comunidad en general, por motivo de la socializaci\u00f3n de la campa\u00f1a Tradici\u00f3n y Conservaci\u00f3n van de la Mano, que tiene como objetivo la sustituci\u00f3n de la palma de ser por materiales alternativos en la elaboraci\u00f3n de Ramos.<\/p>\n<p><strong>Imbabura<\/strong><\/p>\n<p>La Direcci\u00f3n Provincial de Imbabura se realizaron varios operativos de control y eventos de socializaci\u00f3n con el apoyo de la Iglesia y la Unidad de Protecci\u00f3n del Medio Ambiente de la Polic\u00eda Nacional. Durante la campa\u00f1a no se evidenci\u00f3 la comercialiaci\u00f3n de ramos de palma de cera, mismo que fueron sustituidos por arreglos elaborados con materiales alternativos.<\/p>\n<p><strong>Cotopaxi<\/strong><\/p>\n<p>Como resultado de los operativos realizados en esta provincia, en los en los cantones de Latacunga, Salcedo, Saquisil\u00ed, Pujil\u00ed, La Man\u00e1, Sigchos, Salcedo y la parroquia de San Buena Ventura, se logr\u00f3 retener 35 arreglos elaborados con palma de cera.<\/p>\n<p><strong>Tungurahua<\/strong><\/p>\n<p>Se destaca la disminuci\u00f3n de un 80% en el uso dela Palma de Cera para la elaboraci\u00f3n de ramos. La Direcci\u00f3n Provincial del Ambiente logr\u00f3 retener en Ambato 140 y 55 ramos confeccionados con palma.\/bb-ds<\/p>\n","protected":false},"excerpt":{"rendered":"<p class=\"excerpt\">Con el objetivo de sensibilizar a la comunidad en general sobre la importancia de evitar el uso indiscriminado de la palma de cera para la elaboraci\u00f3n de ramos en la celebraci\u00f3n de Semana Santa, el Ministerio del Ambiente realiza la campa\u00f1a \u201cTradici\u00f3n y Conservaci\u00f3n van de la Mano\u201d, la misma que ha adoptada por parte de los fieles cat\u00f3licos y&hellip; <a href=\"https:\/\/www.ambienteyenergia.gob.ec\/ambiente\/resultados-positivos-como-resultado-de-la-campana-de-tradicion-y-conservacion-van-de-la-mano\/\">Read more &rarr;<\/a><\/p>\n","protected":false},"author":13,"featured_media":24956,"comment_status":"open","ping_status":"open","sticky":false,"template":"","format":"standard","meta":{"footnotes":""},"categories":[16,4],"tags":[],"class_list":["post-24955","post","type-post","status-publish","format-standard","has-post-thumbnail","hentry","category-comunicamos","category-noticias","xfolkentry"],"_links":{"self":[{"href":"https:\/\/www.ambienteyenergia.gob.ec\/ambiente\/wp-json\/wp\/v2\/posts\/24955","targetHints":{"allow":["GET"]}}],"collection":[{"href":"https:\/\/www.ambienteyenergia.gob.ec\/ambiente\/wp-json\/wp\/v2\/posts"}],"about":[{"href":"https:\/\/www.ambienteyenergia.gob.ec\/ambiente\/wp-json\/wp\/v2\/types\/post"}],"author":[{"embeddable":true,"href":"https:\/\/www.ambienteyenergia.gob.ec\/ambiente\/wp-json\/wp\/v2\/users\/13"}],"replies":[{"embeddable":true,"href":"https:\/\/www.ambienteyenergia.gob.ec\/ambiente\/wp-json\/wp\/v2\/comments?post=24955"}],"version-history":[{"count":0,"href":"https:\/\/www.ambienteyenergia.gob.ec\/ambiente\/wp-json\/wp\/v2\/posts\/24955\/revisions"}],"wp:featuredmedia":[{"embeddable":true,"href":"https:\/\/www.ambienteyenergia.gob.ec\/ambiente\/wp-json\/wp\/v2\/media\/24956"}],"wp:attachment":[{"href":"https:\/\/www.ambienteyenergia.gob.ec\/ambiente\/wp-json\/wp\/v2\/media?parent=24955"}],"wp:term":[{"taxonomy":"category","embeddable":true,"href":"https:\/\/www.ambienteyenergia.gob.ec\/ambiente\/wp-json\/wp\/v2\/categories?post=24955"},{"taxonomy":"post_tag","embeddable":true,"href":"https:\/\/www.ambienteyenergia.gob.ec\/ambiente\/wp-json\/wp\/v2\/tags?post=24955"}],"curies":[{"name":"wp","href":"https:\/\/api.w.org\/{rel}","templated":true}]}}